{"id":998269,"date":"2026-05-04T08:41:48","date_gmt":"2026-05-04T12:41:48","guid":{"rendered":"https:\/\/noticel.com\/?p=998269"},"modified":"2026-05-04T09:05:28","modified_gmt":"2026-05-04T13:05:28","slug":"para-hoy-se-espera-un-dia-parcialmente-soleado","status":"publish","type":"post","link":"https:\/\/noticel.com\/en\/el-tiempo\/20260504\/para-hoy-se-espera-un-dia-parcialmente-soleado\/","title":{"rendered":"Para hoy se espera un d\u00eda parcialmente soleado"},"content":{"rendered":"<p><\/p>\n\n\n\n<p>Tiempo mayormente bueno hoy, con algunos aguaceros aislados en la tarde sobre el interior y el noroeste de Puerto Rico.<\/p>\n\n\n\n<p>Un sistema que se acerca entre martes y mi\u00e9rcoles puede provocar aguaceros en la tarde, con lluvias fuertes breves en algunas zonas. No se descartan tormentas el\u00e9ctricas aisladas, pero la actividad ser\u00e1 limitada.<\/p>\n\n\n\n<p>El calor por encima de lo normal contin\u00faa, con sensaci\u00f3n t\u00e9rmica cerca o por encima de 100\u00b0F en zonas urbanas y costeras.<\/p>\n\n\n\n<p>Se mantiene un riesgo moderado de corrientes marinas peligrosas en playas del norte y este en algunos momentos.<\/p>\n\n\n\n<p>Para hoy, el tiempo estar\u00e1 estable. Hay menos humedad y aire m\u00e1s seco en niveles medios, lo que limita la lluvia. En la ma\u00f1ana pueden pasar aguaceros breves en zonas del este. En la tarde, el calor y la brisa marina pueden provocar aguaceros aislados en el interior y oeste, pero con poca acumulaci\u00f3n.<\/p><div class=\"notic-content-middle\" id=\"notic-1030558762\"><div class=\"notic-adlabel\">Advertisements<\/div><a data-no-instant=\"1\" href=\"https:\/\/qrco.de\/bgxd5v\" rel=\"noopener\" class=\"a2t-link\" target=\"_blank\" aria-label=\"DisplayAd-970&#215;902\"><img loading=\"lazy\" decoding=\"async\" src=\"https:\/\/cdn.noticel.com\/2026\/09\/02200210\/DisplayAd-970x902-1.jpg\" alt=\"\"  srcset=\"https:\/\/cdn.noticel.com\/2026\/09\/02200210\/DisplayAd-970x902-1.jpg 970w, https:\/\/cdn.noticel.com\/2026\/09\/02200210\/DisplayAd-970x902-1-300x28.jpg 300w, https:\/\/cdn.noticel.com\/2026\/09\/02200210\/DisplayAd-970x902-1-768x71.jpg 768w, https:\/\/cdn.noticel.com\/2026\/09\/02200210\/DisplayAd-970x902-1-18x2.jpg 18w\" sizes=\"(max-width: 970px) 100vw, 970px\" width=\"970\" height=\"90\"   \/><\/a><\/div>\n\n\n\n<p>El martes y mi\u00e9rcoles el patr\u00f3n cambia un poco. Un sistema se acerca por el Atl\u00e1ntico, pero no entra directo. Esto aumenta un poco la inestabilidad. Puede haber m\u00e1s aguaceros en la tarde en el interior y noroeste de Puerto Rico. Aun as\u00ed, la falta de humedad evita lluvias generalizadas. La actividad ser\u00e1 dispersa y de corta duraci\u00f3n.<\/p>\n\n\n\n<p>Las temperaturas se mantienen altas durante todo el periodo por el viento del sureste, con m\u00e1ximas en los altos 80 a cerca de 90\u00b0F y sensaci\u00f3n t\u00e9rmica sobre 100\u00b0F.<\/p>\n\n\n\n<p>Para hoy, aguaceros aislados en la tarde. Mayormente soleado. M\u00e1xima cerca de 89\u00b0F. Probabilidad 20%.<\/p>\n\n\n\n<p>Esta noche, aguaceros aislados despu\u00e9s de la medianoche. Parcialmente nublado. M\u00ednima cerca de 76\u00b0F. Probabilidad 20%.<\/p>\n\n\n\n<p>Ma\u00f1ana, aguaceros dispersos. Parcialmente nublado. M\u00e1xima cerca de 89\u00b0F. Probabilidad 50%.<\/p>","protected":false},"excerpt":{"rendered":"<p>Tiempo mayormente bueno hoy, con algunos aguaceros aislados en la tarde sobre el interior y el noroeste de Puerto Rico. Un sistema que se acerca entre martes y mi\u00e9rcoles puede provocar aguaceros en la tarde, con lluvias fuertes breves en algunas zonas. No se descartan tormentas el\u00e9ctricas aisladas, pero la actividad ser\u00e1 limitada. El calor [&hellip;]<\/p>","protected":false},"author":101,"featured_media":474844,"comment_status":"open","ping_status":"open","sticky":false,"template":"","format":"standard","meta":{"_acf_changed":false,"_monsterinsights_skip_tracking":false,"ep_exclude_from_search":false,"footnotes":""},"categories":[18],"tags":[212,602,152,2414],"class_list":["post-998269","post","type-post","status-publish","format-standard","has-post-thumbnail","hentry","category-el-tiempo","tag-calor","tag-el-tiempo","tag-puerto-rico","tag-soleado"],"acf":[],"aioseo_notices":[],"_links":{"self":[{"href":"https:\/\/noticel.com\/en\/wp-json\/wp\/v2\/posts\/998269","targetHints":{"allow":["GET"]}}],"collection":[{"href":"https:\/\/noticel.com\/en\/wp-json\/wp\/v2\/posts"}],"about":[{"href":"https:\/\/noticel.com\/en\/wp-json\/wp\/v2\/types\/post"}],"author":[{"embeddable":true,"href":"https:\/\/noticel.com\/en\/wp-json\/wp\/v2\/users\/101"}],"replies":[{"embeddable":true,"href":"https:\/\/noticel.com\/en\/wp-json\/wp\/v2\/comments?post=998269"}],"version-history":[{"count":1,"href":"https:\/\/noticel.com\/en\/wp-json\/wp\/v2\/posts\/998269\/revisions"}],"predecessor-version":[{"id":998274,"href":"https:\/\/noticel.com\/en\/wp-json\/wp\/v2\/posts\/998269\/revisions\/998274"}],"wp:featuredmedia":[{"embeddable":true,"href":"https:\/\/noticel.com\/en\/wp-json\/wp\/v2\/media\/474844"}],"wp:attachment":[{"href":"https:\/\/noticel.com\/en\/wp-json\/wp\/v2\/media?parent=998269"}],"wp:term":[{"taxonomy":"category","embeddable":true,"href":"https:\/\/noticel.com\/en\/wp-json\/wp\/v2\/categories?post=998269"},{"taxonomy":"post_tag","embeddable":true,"href":"https:\/\/noticel.com\/en\/wp-json\/wp\/v2\/tags?post=998269"}],"curies":[{"name":"wp","href":"https:\/\/api.w.org\/{rel}","templated":true}]}}