{"id":998120,"date":"2026-05-02T14:52:58","date_gmt":"2026-05-02T18:52:58","guid":{"rendered":"https:\/\/noticel.com\/?p=998120"},"modified":"2026-05-02T15:01:43","modified_gmt":"2026-05-02T19:01:43","slug":"uagm-lidera-hasta-hoy-la-copa-global-de-la-lai","status":"publish","type":"post","link":"https:\/\/noticel.com\/en\/deportes\/20260502\/uagm-lidera-hasta-hoy-la-copa-global-de-la-lai\/","title":{"rendered":"UAGM lidera hasta hoy la Copa Global de la LAI"},"content":{"rendered":"<p>La Universidad de Ana G. M\u00e9ndez (UAGM) recuper\u00f3 el liderato de la Copa Global Luis F. Sambol\u00edn de la Liga Atl\u00e9tica Interuniversitaria (LAI), el primero m\u00e1s importante entregado al finalizar el a\u00f1o deportivo en la Liga Atl\u00e9tica Interuniversitaria (LAI).&nbsp;<\/p>\n\n\n\n<p>Los Ta\u00ednos y Ta\u00ednas de la UAGM suman 2,865 puntos, resultado de la segunda posici\u00f3n en femenino con 1,430 puntos y el primer lugar en masculino con 1,435 puntos.&nbsp;<\/p>\n\n\n\n<p>En la segunda posici\u00f3n est\u00e1n los Tigres y las Tigresas de la Universidad Interamericana de Puerto Rico (UIPR) con 2,780 puntos (1,470 puntos en masculino y 1,310 puntos femenino).&nbsp;<\/p>\n\n\n\n<p>Por su parte, la UPR de Mayag\u00fcez goza en la tercera posici\u00f3n con 2,550 puntos (1,322.5 masculino y 1,227.5 femenino), pero muy cerca est\u00e1 la UPR de R\u00edo Piedras con 2,530 puntos (1,252.5 puntos femenino y 1,277.5 masculino).&nbsp;<\/p>\n\n\n\n<p><strong>Sagrado se despega y no hay quien los coja<\/strong><\/p>\n\n\n\n<p>Tras el tercer lugar de baile, la instituci\u00f3n se consolida en la primera posici\u00f3n de la Copa Comisionado con 1,582 puntos.&nbsp;<\/p><div class=\"notic-content-middle\" id=\"notic-3348104707\"><div class=\"notic-adlabel\">Advertisements<\/div><a data-no-instant=\"1\" href=\"https:\/\/qrco.de\/bgxd5v\" rel=\"noopener\" class=\"a2t-link\" target=\"_blank\" aria-label=\"DisplayAd-970&#215;903\"><img loading=\"lazy\" decoding=\"async\" src=\"https:\/\/cdn.noticel.com\/2026\/09\/02200307\/DisplayAd-970x903-1.jpg\" alt=\"\"  srcset=\"https:\/\/cdn.noticel.com\/2026\/09\/02200307\/DisplayAd-970x903-1.jpg 970w, https:\/\/cdn.noticel.com\/2026\/09\/02200307\/DisplayAd-970x903-1-300x28.jpg 300w, https:\/\/cdn.noticel.com\/2026\/09\/02200307\/DisplayAd-970x903-1-768x71.jpg 768w, https:\/\/cdn.noticel.com\/2026\/09\/02200307\/DisplayAd-970x903-1-18x2.jpg 18w\" sizes=\"(max-width: 970px) 100vw, 970px\" width=\"970\" height=\"90\"   \/><\/a><\/div>\n\n\n\n<p>Los Lobos y las Lobas de la Universidad de Puerto Rico de Arecibo est\u00e1n distantes con la segunda posici\u00f3n con 1,355 puntos.&nbsp;<\/p>\n\n\n\n<p>Completan el podio las Leonas y los Leones de la UPR de Ponce con 1,142 puntos.&nbsp;<\/p>\n\n\n\n<p>La Copa Comisionado es para universidades con 6,000 o menos estudiantes.<\/p>\n\n\n\n<p>Todav\u00eda falta la contabilizaci\u00f3n de las justas de atletismo que terminan hoy, s\u00e1bado, en el estadio Jos\u00e9 Antonio Figueroa Freyre en Mayag\u00fcez.&nbsp;<\/p>\n\n\n\n<p>Historia relacionada: <a href=\"https:\/\/noticel.com\/en\/deportes\/20260502\/la-catolica-es-la-nueva-campeona-en-el-baile-de-la-lai\/\" title=\"\">La Cat\u00f3lica es la nueva campeona en el baile de la LAI<\/a><\/p>","protected":false},"excerpt":{"rendered":"<p>La Universidad de Ana G. M\u00e9ndez (UAGM) recuper\u00f3 el liderato de la Copa Global Luis F. Sambol\u00edn de la Liga Atl\u00e9tica Interuniversitaria (LAI), el primero m\u00e1s importante entregado al finalizar el a\u00f1o deportivo en la Liga Atl\u00e9tica Interuniversitaria (LAI).&nbsp; Los Ta\u00ednos y Ta\u00ednas de la UAGM suman 2,865 puntos, resultado de la segunda posici\u00f3n en [&hellip;]<\/p>","protected":false},"author":100,"featured_media":998121,"comment_status":"open","ping_status":"open","sticky":false,"template":"","format":"standard","meta":{"_acf_changed":false,"_monsterinsights_skip_tracking":false,"ep_exclude_from_search":false,"footnotes":""},"categories":[31],"tags":[5580,5579,1027],"class_list":["post-998120","post","type-post","status-publish","format-standard","has-post-thumbnail","hentry","category-deportes","tag-copa-comisionado","tag-copa-global-luis-f-sambolin","tag-lai"],"acf":[],"aioseo_notices":[],"_links":{"self":[{"href":"https:\/\/noticel.com\/en\/wp-json\/wp\/v2\/posts\/998120","targetHints":{"allow":["GET"]}}],"collection":[{"href":"https:\/\/noticel.com\/en\/wp-json\/wp\/v2\/posts"}],"about":[{"href":"https:\/\/noticel.com\/en\/wp-json\/wp\/v2\/types\/post"}],"author":[{"embeddable":true,"href":"https:\/\/noticel.com\/en\/wp-json\/wp\/v2\/users\/100"}],"replies":[{"embeddable":true,"href":"https:\/\/noticel.com\/en\/wp-json\/wp\/v2\/comments?post=998120"}],"version-history":[{"count":2,"href":"https:\/\/noticel.com\/en\/wp-json\/wp\/v2\/posts\/998120\/revisions"}],"predecessor-version":[{"id":998125,"href":"https:\/\/noticel.com\/en\/wp-json\/wp\/v2\/posts\/998120\/revisions\/998125"}],"wp:featuredmedia":[{"embeddable":true,"href":"https:\/\/noticel.com\/en\/wp-json\/wp\/v2\/media\/998121"}],"wp:attachment":[{"href":"https:\/\/noticel.com\/en\/wp-json\/wp\/v2\/media?parent=998120"}],"wp:term":[{"taxonomy":"category","embeddable":true,"href":"https:\/\/noticel.com\/en\/wp-json\/wp\/v2\/categories?post=998120"},{"taxonomy":"post_tag","embeddable":true,"href":"https:\/\/noticel.com\/en\/wp-json\/wp\/v2\/tags?post=998120"}],"curies":[{"name":"wp","href":"https:\/\/api.w.org\/{rel}","templated":true}]}}