{"id":99605,"date":"2012-06-11T18:15:00","date_gmt":"2012-06-11T22:15:00","guid":{"rendered":"http:\/\/www.noticel.com\/vida\/20120611\/lucero-niega-casamiento\/"},"modified":"2025-07-15T05:14:34","modified_gmt":"2025-07-15T05:14:34","slug":"lucero-niega-casamiento","status":"publish","type":"post","link":"https:\/\/noticel.com\/en\/vida-y-bienestar\/20120611\/lucero-niega-casamiento\/","title":{"rendered":"Lucero niega casamiento"},"content":{"rendered":"<p>Pese a los rumores corriendo hace varios d\u00edas de que se casar\u00eda con el empresario Michel Kuri, Lucero dijo a Peopleenespanol.com que son totalmente falsos, a trav\u00e9s de un representante.<\/p>\n<p>&#8216;No es verdad. Lucero no se va a casar. Esa informaci\u00f3n es falsa; qu\u00e9 triste que un blog est\u00e9 jugando con la gente. En febrero \u2013en una revista mexicana-, Lucero dijo que matrimonio para ella s\u00f3lo hay uno&#8217;, dijo Ernesto Fern\u00e1ndez, publicista de la actriz.<\/p><div class=\"notic-content-middle\" id=\"notic-2458877875\"><div class=\"notic-adlabel\">Advertisements<\/div><a data-no-instant=\"1\" href=\"https:\/\/www.asegurate-bien.com\/\" rel=\"noopener\" class=\"a2t-link\" target=\"_blank\" aria-label=\"Acodese-Adaptaciones-Noticel-300&#215;250\"><img loading=\"lazy\" decoding=\"async\" src=\"https:\/\/cdn.noticel.com\/2026\/05\/30094423\/Acodese-Adaptaciones-Noticel-300x250-1.jpg\" alt=\"\"  srcset=\"https:\/\/cdn.noticel.com\/2026\/05\/30094423\/Acodese-Adaptaciones-Noticel-300x250-1.jpg 300w, https:\/\/cdn.noticel.com\/2026\/05\/30094423\/Acodese-Adaptaciones-Noticel-300x250-1-14x12.jpg 14w\" sizes=\"(max-width: 300px) 100vw, 300px\" width=\"300\" height=\"250\"   \/><\/a><\/div>\n<p>Los rumores de una posible boda surgieron cuando varios medios aseguraron que la pareja estaba pronta a casarse y hasta llegaron a asegurar que una revista hab\u00eda comprado la exclusividad de las fotos del evento.<\/p>","protected":false},"excerpt":{"rendered":"<p>Pese a los rumores corriendo hace varios d\u00edas de que se casar\u00eda con el empresario Michel Kuri, Lucero dijo a Peopleenespanol.com que son totalmente falsos, a trav\u00e9s de un representante. &#8216;No es verdad. Lucero no se va a casar. Esa informaci\u00f3n es falsa; qu\u00e9 triste que un blog est\u00e9 jugando con la gente. En febrero [&hellip;]<\/p>","protected":false},"author":0,"featured_media":306517,"comment_status":"closed","ping_status":"closed","sticky":false,"template":"","format":"standard","meta":{"_acf_changed":false,"_monsterinsights_skip_tracking":false,"ep_exclude_from_search":false,"footnotes":""},"categories":[69],"tags":[],"class_list":["post-99605","post","type-post","status-publish","format-standard","has-post-thumbnail","hentry","category-vida-y-bienestar"],"acf":[],"aioseo_notices":[],"_links":{"self":[{"href":"https:\/\/noticel.com\/en\/wp-json\/wp\/v2\/posts\/99605","targetHints":{"allow":["GET"]}}],"collection":[{"href":"https:\/\/noticel.com\/en\/wp-json\/wp\/v2\/posts"}],"about":[{"href":"https:\/\/noticel.com\/en\/wp-json\/wp\/v2\/types\/post"}],"replies":[{"embeddable":true,"href":"https:\/\/noticel.com\/en\/wp-json\/wp\/v2\/comments?post=99605"}],"version-history":[{"count":1,"href":"https:\/\/noticel.com\/en\/wp-json\/wp\/v2\/posts\/99605\/revisions"}],"predecessor-version":[{"id":306518,"href":"https:\/\/noticel.com\/en\/wp-json\/wp\/v2\/posts\/99605\/revisions\/306518"}],"wp:featuredmedia":[{"embeddable":true,"href":"https:\/\/noticel.com\/en\/wp-json\/wp\/v2\/media\/306517"}],"wp:attachment":[{"href":"https:\/\/noticel.com\/en\/wp-json\/wp\/v2\/media?parent=99605"}],"wp:term":[{"taxonomy":"category","embeddable":true,"href":"https:\/\/noticel.com\/en\/wp-json\/wp\/v2\/categories?post=99605"},{"taxonomy":"post_tag","embeddable":true,"href":"https:\/\/noticel.com\/en\/wp-json\/wp\/v2\/tags?post=99605"}],"curies":[{"name":"wp","href":"https:\/\/api.w.org\/{rel}","templated":true}]}}