{"id":99286,"date":"2014-09-24T06:22:49","date_gmt":"2014-09-24T10:22:49","guid":{"rendered":"http:\/\/www.noticel.com\/mundo\/20140924\/policia-australiana-mata-a-joven-yihadista\/"},"modified":"2025-07-15T05:36:23","modified_gmt":"2025-07-15T05:36:23","slug":"policia-australiana-mata-a-joven-yihadista","status":"publish","type":"post","link":"https:\/\/noticel.com\/en\/noticias\/mundo\/20140924\/policia-australiana-mata-a-joven-yihadista\/","title":{"rendered":"Polic\u00eda australiana mata a joven yihadista"},"content":{"rendered":"<p>La Polic\u00eda australiana mat\u00f3 anoche de un disparo a un supuesto yihadista en la ciudad de Melbourne tras haber apu\u00f1alado a dos agentes del grupo de lucha antiterrorista, inform\u00f3 hoy el ministro de Justicia, Michael Keenan.<\/p>\n<p>&#8216;La persona en cuesti\u00f3n era conocida por ser un supuesto terrorista y una persona de inter\u00e9s de las agencias de reforzamiento de la ley e inteligencia&#8217;, afirm\u00f3 Keenan, en una breve comparecencia ante la prensa en la que coment\u00f3 que el polic\u00eda que dispar\u00f3 lo hizo en defensa propia.<\/p>\n<p>El sospechoso ha sido identificado como Abdul Haider, de 18 a\u00f1os, hijo de una familia afgana, a quien los cuerpos se seguridad vigilaban desde mayo y ten\u00eda el pasaporte cancelado, de acuerdo a los datos facilitados por el jefe de la Polic\u00eda del estado de Victoria, Ken Lay, seg\u00fan la cadena ABC.<\/p>\n<p>Haider estuvo asociado con el grupo radical isl\u00e1mico Al Furqan, del que se separ\u00f3 recientemente, y hab\u00eda amenazado al primer ministro de Australia, Tony Abbott.<\/p>\n<p>&#8216;Tenemos informaci\u00f3n de que estuvo presente en un centro comercial en la \u00faltima semana con una bandera que creemos es la del Estado Isl\u00e1mico&#8217;, detall\u00f3 el jefe policial.<\/p>\n<p>El joven se present\u00f3 en la comisar\u00eda de Endeavour Hills, en el sureste de Melbourne, ayer para una entrevista como parte de las investigaciones sobre sus supuestas actividades terroristas.<\/p><div class=\"notic-content-middle\" id=\"notic-1293508516\"><div class=\"notic-adlabel\">Advertisements<\/div><a data-no-instant=\"1\" href=\"https:\/\/www.asegurate-bien.com\/\" rel=\"noopener\" class=\"a2t-link\" target=\"_blank\" aria-label=\"Acodese-Adaptaciones-Noticel-300&#215;250\"><img loading=\"lazy\" decoding=\"async\" src=\"https:\/\/cdn.noticel.com\/2026\/05\/30094423\/Acodese-Adaptaciones-Noticel-300x250-1.jpg\" alt=\"\"  srcset=\"https:\/\/cdn.noticel.com\/2026\/05\/30094423\/Acodese-Adaptaciones-Noticel-300x250-1.jpg 300w, https:\/\/cdn.noticel.com\/2026\/05\/30094423\/Acodese-Adaptaciones-Noticel-300x250-1-14x12.jpg 14w\" sizes=\"(max-width: 300px) 100vw, 300px\" width=\"300\" height=\"250\"   \/><\/a><\/div>\n<p>Sin que se haya revelado el motivo, Haider atac\u00f3 con un cuchillo a dos agentes, quienes se encuentran hospitalizados con heridas graves, aunque sus condiciones son estables, antes de ser mortalmente alcanzado por el disparo del otro polic\u00eda.<\/p>\n<p>Un portavoz de la Polic\u00eda de Victoria declar\u00f3 hoy que se trataba de un suceso aislado y explic\u00f3 que al parecer el sujeto &#8216;no actuaba en coordinaci\u00f3n con otros individuos&#8217;.<\/p>\n<p>La muerte del joven tiene lugar menos de una semana despu\u00e9s de que se llevaron a cabo operativos antiterroristas en las ciudades de S\u00eddney y Brisbane y fueran detenidos 15 supuestos yihadistas relacionados con el Estado Isl\u00e1mico y que planeaban secuestros y decapitar a civiles para divulgar los v\u00eddeos en las redes sociales.<\/p>\n<p>Seg\u00fan las autoridades, unos 60 yihadistas australianos combaten en la Siria e Irak mientras otros 20 militantes han regresado al pa\u00eds.<\/p>\n<p>Australia elev\u00f3 la alerta terrorista al nivel &#8216;alto&#8217; este mes ante la amenaza de atentados en medio de la ofensiva internacional contra el Estado Isl\u00e1mico en Siria e Irak, en la que Canberra participa con ayuda humanitaria y armas.<\/p>","protected":false},"excerpt":{"rendered":"<p>La Polic\u00eda australiana mat\u00f3 anoche de un disparo a un supuesto yihadista en la ciudad de Melbourne tras haber apu\u00f1alado a dos agentes del grupo de lucha antiterrorista, inform\u00f3 hoy el ministro de Justicia, Michael Keenan. &#8216;La persona en cuesti\u00f3n era conocida por ser un supuesto terrorista y una persona de inter\u00e9s de las agencias [&hellip;]<\/p>","protected":false},"author":0,"featured_media":308229,"comment_status":"closed","ping_status":"closed","sticky":false,"template":"","format":"standard","meta":{"_acf_changed":false,"_monsterinsights_skip_tracking":false,"ep_exclude_from_search":false,"footnotes":""},"categories":[17],"tags":[],"class_list":["post-99286","post","type-post","status-publish","format-standard","has-post-thumbnail","hentry","category-mundo"],"acf":[],"aioseo_notices":[],"_links":{"self":[{"href":"https:\/\/noticel.com\/en\/wp-json\/wp\/v2\/posts\/99286","targetHints":{"allow":["GET"]}}],"collection":[{"href":"https:\/\/noticel.com\/en\/wp-json\/wp\/v2\/posts"}],"about":[{"href":"https:\/\/noticel.com\/en\/wp-json\/wp\/v2\/types\/post"}],"replies":[{"embeddable":true,"href":"https:\/\/noticel.com\/en\/wp-json\/wp\/v2\/comments?post=99286"}],"version-history":[{"count":1,"href":"https:\/\/noticel.com\/en\/wp-json\/wp\/v2\/posts\/99286\/revisions"}],"predecessor-version":[{"id":308231,"href":"https:\/\/noticel.com\/en\/wp-json\/wp\/v2\/posts\/99286\/revisions\/308231"}],"wp:featuredmedia":[{"embeddable":true,"href":"https:\/\/noticel.com\/en\/wp-json\/wp\/v2\/media\/308229"}],"wp:attachment":[{"href":"https:\/\/noticel.com\/en\/wp-json\/wp\/v2\/media?parent=99286"}],"wp:term":[{"taxonomy":"category","embeddable":true,"href":"https:\/\/noticel.com\/en\/wp-json\/wp\/v2\/categories?post=99286"},{"taxonomy":"post_tag","embeddable":true,"href":"https:\/\/noticel.com\/en\/wp-json\/wp\/v2\/tags?post=99286"}],"curies":[{"name":"wp","href":"https:\/\/api.w.org\/{rel}","templated":true}]}}