{"id":991747,"date":"2026-03-31T14:28:40","date_gmt":"2026-03-31T18:28:40","guid":{"rendered":"https:\/\/noticel.com\/?p=991747"},"modified":"2026-03-31T14:37:26","modified_gmt":"2026-03-31T18:37:26","slug":"san-juan-te-viste-pal-prom-rompe-record-con-mas-de-2000-vestidos-donados","status":"publish","type":"post","link":"https:\/\/noticel.com\/en\/noticias\/la-calle\/20260331\/san-juan-te-viste-pal-prom-rompe-record-con-mas-de-2000-vestidos-donados\/","title":{"rendered":"\u00abSan Juan te viste pa\u2019l prom\u00bb\u00a0rompe r\u00e9cord con m\u00e1s de 2,000 vestidos donados"},"content":{"rendered":"<p>La primera dama de San Juan,\u00a0Maritere Gonz\u00e1lez, inform\u00f3 que la iniciativa\u00a0<em>San Juan te viste pa\u2019l prom<\/em>\u00a0super\u00f3 la marca de las\u00a02,000\u00a0donaciones de vestidos durante su reciente servicarro de recogido, estableciendo un nuevo r\u00e9cord de participaci\u00f3n ciudadana y reafirmando el respaldo de la comunidad a este esfuerzo solidario dirigido a apoyar a estudiantes en la celebraci\u00f3n de su\u00a0<em>prom<\/em>. La campa\u00f1a contin\u00faa activa en el Coliseo Roberto Clemente, donde se estar\u00e1n recibiendo aportaciones, especialmente de atuendos de hombre.<\/p>\n\n\n\n<p>\u201cCada donaci\u00f3n representa mucho m\u00e1s que una pieza de ropa. Representa ilusi\u00f3n, autoestima, alegr\u00eda y la oportunidad de que un estudiante pueda vivir su&nbsp;<em>prom<\/em>&nbsp;con seguridad y entusiasmo. A todas las personas que dijeron presente y aportaron a esta iniciativa, gracias por demostrar que en San Juan hay una comunidad solidaria que apoya a su juventud en momentos importantes de sus vidas\u201d, expres\u00f3 Gonz\u00e1lez.<\/p>\n\n\n\n<p>La iniciativa busca brindar una alternativa digna, accesible y esperanzadora para estudiantes que desean participar de una de las etapas m\u00e1s memorables de su vida escolar, al tiempo que promueve la reutilizaci\u00f3n y la solidaridad comunitaria como parte de una cultura de apoyo y empat\u00eda.<\/p>\n\n\n\n<p>\u201cLlevamos a\u00f1o tras a\u00f1o desarrollando esta iniciativa y conocemos de primera mano lo que representa para cada estudiante y para sus familias. Ver c\u00f3mo esta campa\u00f1a sigue creciendo y c\u00f3mo este a\u00f1o rompimos r\u00e9cord de colaboraci\u00f3n ciudadana confirma que San Juan ha hecho suya esta causa y que cada vez m\u00e1s personas creen en el valor de apoyar a nuestros j\u00f3venes en un momento tan importante de sus vidas\u201d, expres\u00f3\u00a0Mar\u00eda Dos Rodr\u00edguez, directora de\u00a0<em>la Oficina de Servicios al Ciudadano del Municipio de San Juan<\/em>.<\/p><div class=\"notic-content-middle\" id=\"notic-1275539005\"><div class=\"notic-adlabel\">Advertisements<\/div><a data-no-instant=\"1\" href=\"https:\/\/www.asegurate-bien.com\/\" rel=\"noopener\" class=\"a2t-link\" target=\"_blank\" aria-label=\"Acodese-Adaptaciones-Noticel-970&#215;250\"><img loading=\"lazy\" decoding=\"async\" src=\"https:\/\/cdn.noticel.com\/2026\/05\/30100504\/Acodese-Adaptaciones-Noticel-970x250-1.jpg\" alt=\"\"  srcset=\"https:\/\/cdn.noticel.com\/2026\/05\/30100504\/Acodese-Adaptaciones-Noticel-970x250-1.jpg 970w, https:\/\/cdn.noticel.com\/2026\/05\/30100504\/Acodese-Adaptaciones-Noticel-970x250-1-300x77.jpg 300w, https:\/\/cdn.noticel.com\/2026\/05\/30100504\/Acodese-Adaptaciones-Noticel-970x250-1-768x198.jpg 768w, https:\/\/cdn.noticel.com\/2026\/05\/30100504\/Acodese-Adaptaciones-Noticel-970x250-1-18x5.jpg 18w\" sizes=\"(max-width: 970px) 100vw, 970px\" width=\"970\" height=\"250\"   \/><\/a><\/div>\n\n\n\n<p>Aunque el recogido de vestidos super\u00f3 todas las expectativas, la iniciativa contin\u00faa haciendo un llamado a la ciudadan\u00eda para donar atuendos de hombre en buen estado, incluyendo tuxedos, camisas de vestir, chaquetas, corbatas y zapatos formales.<\/p>\n\n\n\n<p>\u201cEste esfuerzo no termina con una cifra r\u00e9cord. Seguimos enfocados en completar esta iniciativa para que m\u00e1s estudiantes tengan acceso a la experiencia que merecen y para que ning\u00fan joven se quede sin celebrar una noche tan significativa por falta de recursos. Esa tambi\u00e9n es una forma de servir y de construir comunidad\u201d, a\u00f1adi\u00f3 Gonz\u00e1lez.<\/p>\n\n\n\n<p>Las donaciones contin\u00faan recibi\u00e9ndose en el Coliseo Roberto Clemente, en horario de 8:00 a.m. a 4:00 p.m. <\/p>\n\n\n\n<p><\/p>","protected":false},"excerpt":{"rendered":"<p>La primera dama de San Juan,\u00a0Maritere Gonz\u00e1lez, inform\u00f3 que la iniciativa\u00a0San Juan te viste pa\u2019l prom\u00a0super\u00f3 la marca de las\u00a02,000\u00a0donaciones de vestidos durante su reciente servicarro de recogido, estableciendo un nuevo r\u00e9cord de participaci\u00f3n ciudadana y reafirmando el respaldo de la comunidad a este esfuerzo solidario dirigido a apoyar a estudiantes en la celebraci\u00f3n de [&hellip;]<\/p>","protected":false},"author":100,"featured_media":991749,"comment_status":"open","ping_status":"open","sticky":false,"template":"","format":"standard","meta":{"_acf_changed":false,"_monsterinsights_skip_tracking":false,"ep_exclude_from_search":false,"footnotes":""},"categories":[12],"tags":[2506,135],"class_list":["post-991747","post","type-post","status-publish","format-standard","has-post-thumbnail","hentry","category-la-calle","tag-donaciones","tag-san-juan"],"acf":[],"aioseo_notices":[],"_links":{"self":[{"href":"https:\/\/noticel.com\/en\/wp-json\/wp\/v2\/posts\/991747","targetHints":{"allow":["GET"]}}],"collection":[{"href":"https:\/\/noticel.com\/en\/wp-json\/wp\/v2\/posts"}],"about":[{"href":"https:\/\/noticel.com\/en\/wp-json\/wp\/v2\/types\/post"}],"author":[{"embeddable":true,"href":"https:\/\/noticel.com\/en\/wp-json\/wp\/v2\/users\/100"}],"replies":[{"embeddable":true,"href":"https:\/\/noticel.com\/en\/wp-json\/wp\/v2\/comments?post=991747"}],"version-history":[{"count":1,"href":"https:\/\/noticel.com\/en\/wp-json\/wp\/v2\/posts\/991747\/revisions"}],"predecessor-version":[{"id":991754,"href":"https:\/\/noticel.com\/en\/wp-json\/wp\/v2\/posts\/991747\/revisions\/991754"}],"wp:featuredmedia":[{"embeddable":true,"href":"https:\/\/noticel.com\/en\/wp-json\/wp\/v2\/media\/991749"}],"wp:attachment":[{"href":"https:\/\/noticel.com\/en\/wp-json\/wp\/v2\/media?parent=991747"}],"wp:term":[{"taxonomy":"category","embeddable":true,"href":"https:\/\/noticel.com\/en\/wp-json\/wp\/v2\/categories?post=991747"},{"taxonomy":"post_tag","embeddable":true,"href":"https:\/\/noticel.com\/en\/wp-json\/wp\/v2\/tags?post=991747"}],"curies":[{"name":"wp","href":"https:\/\/api.w.org\/{rel}","templated":true}]}}