{"id":987256,"date":"2026-03-10T19:34:30","date_gmt":"2026-03-10T23:34:30","guid":{"rendered":"https:\/\/noticel.com\/?p=987256"},"modified":"2026-03-10T19:37:57","modified_gmt":"2026-03-10T23:37:57","slug":"francia-no-aprueba-y-no-participara-en-el-conflicto-actual-en-oriente-medio","status":"publish","type":"post","link":"https:\/\/noticel.com\/en\/noticias\/20260310\/francia-no-aprueba-y-no-participara-en-el-conflicto-actual-en-oriente-medio\/","title":{"rendered":"Francia \u00abno aprueba\u00bb y \u00abno participar\u00e1\u00bb en el conflicto actual en Oriente Medio"},"content":{"rendered":"<p><\/p>\n\n\n\n<p><strong>PARIS \u2014<\/strong> Francia \u00abno aprueba\u00bb y \u00abno participar\u00e1\u00bb en el actual conflicto en Oriente Medio provocado por los ataques de Israel y Estados Unidos a Ir\u00e1n, afirm\u00f3 este martes el ministro de Exteriores franc\u00e9s, Jean-No\u00ebl Barrot.<\/p>\n\n\n\n<p>\u00abNo aprobamos esta guerra (&#8230;) y no participaremos en ella\u00bb, declar\u00f3 Barrot en un programa especial de France 2, en colaboraci\u00f3n con la emisora France Inter, en el und\u00e9cimo d\u00eda de la guerra de Estados Unidos e Israel contra Ir\u00e1n.<\/p>\n\n\n\n<p>Francia, que esta tarde celebr\u00f3 un nuevo Consejo de Seguridad Nacional, \u00abno se plantea en absoluto entrar en la guerra en Oriente Medio\u00bb, enfatiz\u00f3 el jefe de la diplomacia francesa.<\/p>\n\n\n\n<p>Durante la entrevista, Barrot abog\u00f3 por \u00abla desescalada m\u00e1s r\u00e1pida posible\u00bb y por un \u00abcese de hostilidades\u00bb, pero \u00abesto exige necesariamente un cambio radical de actitud y de postura\u00bb por parte de Ir\u00e1n, se\u00f1al\u00f3.<\/p>\n\n\n\n<p>\u00abLa \u00fanica soluci\u00f3n para una salida duradera de la crisis es una revisi\u00f3n completa del r\u00e9gimen actual en Ir\u00e1n\u00bb, declar\u00f3 Barrot.<\/p>\n\n\n\n<p>Francia espera, dijo, que \u00abIr\u00e1n renuncie a ser una potencia desestabilizadora y peligrosa\u00bb y denunci\u00f3 la \u00abobstinaci\u00f3n\u00bb del r\u00e9gimen de Teher\u00e1n respecto a su arsenal militar y su programa nuclear.<\/p>\n\n\n\n<p>Sobre la evoluci\u00f3n de la guerra, Barrot se\u00f1al\u00f3 que Francia se est\u00e1 preparando \u00abpara cualquier eventualidad\u00bb.<\/p>\n\n\n\n<p>\u00abGarantizamos la protecci\u00f3n de nuestros ciudadanos, brindamos todo el apoyo necesario (&#8230;) a Chipre, a nuestros socios que han sido injustamente atacados por drones y misiles iran\u00edes, y, por supuesto, trabajamos para apoyar al L\u00edbano en esta dif\u00edcil situaci\u00f3n y para preparar la libertad de navegaci\u00f3n en el Mar Rojo, pero tambi\u00e9n en el Golfo P\u00e9rsico, para que la presi\u00f3n sobre los precios de la energ\u00eda pueda aliviarse\u00bb, a\u00f1adi\u00f3 el ministro de Asuntos Exteriores.<\/p>\n\n\n\n<p>Francia quiere \u00abconstruir una misi\u00f3n, como la que hicimos en el Mar Rojo con socios europeos, griegos, italianos y espa\u00f1oles, para garantizar, pero no s\u00f3lo en los pr\u00f3ximos d\u00edas, sino de forma m\u00e1s sostenible, la seguridad del tr\u00e1fico en el estrecho (de Ormuz)\u00bb, aclar\u00f3.<\/p>\n\n\n\n<p>Recalc\u00f3 que \u00abno se trata en absoluto de entrar en una guerra y que \u00absu \u00fanico prop\u00f3sito es proteger la libertad de navegaci\u00f3n\u00bb.<\/p>\n\n\n\n<p>Si las posiciones francesas son atacadas y Francia debe tomar represalias, \u00abse aplica el principio de leg\u00edtima defensa\u00bb, afirm\u00f3 Barrot.<\/p>\n\n\n\n<p>Por su parte, el presidente de Francia, Emmanuel Macron, convoc\u00f3 a una reuni\u00f3n de los l\u00edderes del G7 por videoconferencia para analizar ma\u00f1ana mi\u00e9rcoles las consecuencias econ\u00f3micas de la guerra en Oriente Medio, con especial atenci\u00f3n a la situaci\u00f3n energ\u00e9tica y a las medidas para mitigar su impacto, informaron este martes fuentes del El\u00edseo.<\/p>\n\n\n\n<p>Seg\u00fan las fuentes, ser\u00e1 la primera discusi\u00f3n entre los miembros del G7 centrada espec\u00edficamente en las repercusiones econ\u00f3micas de la guerra, en particular en los mercados energ\u00e9ticos y en las posibles medidas para limitar sus efectos sobre las econom\u00edas.<\/p>","protected":false},"excerpt":{"rendered":"<p>PARIS \u2014 Francia \u00abno aprueba\u00bb y \u00abno participar\u00e1\u00bb en el actual conflicto en Oriente Medio provocado por los ataques de Israel y Estados Unidos a Ir\u00e1n, afirm\u00f3 este martes el ministro de Exteriores franc\u00e9s, Jean-No\u00ebl Barrot. \u00abNo aprobamos esta guerra (&#8230;) y no participaremos en ella\u00bb, declar\u00f3 Barrot en un programa especial de France 2, [&hellip;]<\/p>","protected":false},"author":102,"featured_media":987258,"comment_status":"open","ping_status":"open","sticky":false,"template":"","format":"standard","meta":{"_acf_changed":false,"_monsterinsights_skip_tracking":false,"ep_exclude_from_search":false,"footnotes":""},"categories":[17,3],"tags":[117,2176,4756],"class_list":["post-987256","post","type-post","status-publish","format-standard","has-post-thumbnail","hentry","category-mundo","category-noticias","tag-estados-unidos","tag-francia","tag-oriente-medio"],"acf":[],"aioseo_notices":[],"_links":{"self":[{"href":"https:\/\/noticel.com\/en\/wp-json\/wp\/v2\/posts\/987256","targetHints":{"allow":["GET"]}}],"collection":[{"href":"https:\/\/noticel.com\/en\/wp-json\/wp\/v2\/posts"}],"about":[{"href":"https:\/\/noticel.com\/en\/wp-json\/wp\/v2\/types\/post"}],"author":[{"embeddable":true,"href":"https:\/\/noticel.com\/en\/wp-json\/wp\/v2\/users\/102"}],"replies":[{"embeddable":true,"href":"https:\/\/noticel.com\/en\/wp-json\/wp\/v2\/comments?post=987256"}],"version-history":[{"count":2,"href":"https:\/\/noticel.com\/en\/wp-json\/wp\/v2\/posts\/987256\/revisions"}],"predecessor-version":[{"id":987261,"href":"https:\/\/noticel.com\/en\/wp-json\/wp\/v2\/posts\/987256\/revisions\/987261"}],"wp:featuredmedia":[{"embeddable":true,"href":"https:\/\/noticel.com\/en\/wp-json\/wp\/v2\/media\/987258"}],"wp:attachment":[{"href":"https:\/\/noticel.com\/en\/wp-json\/wp\/v2\/media?parent=987256"}],"wp:term":[{"taxonomy":"category","embeddable":true,"href":"https:\/\/noticel.com\/en\/wp-json\/wp\/v2\/categories?post=987256"},{"taxonomy":"post_tag","embeddable":true,"href":"https:\/\/noticel.com\/en\/wp-json\/wp\/v2\/tags?post=987256"}],"curies":[{"name":"wp","href":"https:\/\/api.w.org\/{rel}","templated":true}]}}