{"id":98272,"date":"2013-10-22T08:26:42","date_gmt":"2013-10-22T12:26:42","guid":{"rendered":"http:\/\/www.noticel.com\/mundo\/20131022\/accion-contra-sentencia-que-arrebata-nacionalidad-a-descendientes-de-haitia\/"},"modified":"2025-07-15T07:31:10","modified_gmt":"2025-07-15T07:31:10","slug":"accion-contra-sentencia-que-arrebata-nacionalidad-a-descendientes-de-haitia","status":"publish","type":"post","link":"https:\/\/noticel.com\/en\/noticias\/mundo\/20131022\/accion-contra-sentencia-que-arrebata-nacionalidad-a-descendientes-de-haitia\/","title":{"rendered":"Acci\u00f3n contra sentencia que arrebata nacionalidad a descendientes de haitia"},"content":{"rendered":"<p>El Comite Pro Ni\u00f1ez Dominico Haitiana, se uni\u00f3 a la denuncia internacional contra la Sentencia 168\/13 del Tribunal Constitucional de la Rep\u00fablica Dominicana, que arrebata la nacionalidad de cuatro generaciones de dominicanos\/as de ascendencia haitiana.<\/p>\n<p>Este mi\u00e9rcoles 23 de octubre, el cumplirse un mes del dictamen, organizaciones y personas en diferentes ciudades del mundo entregar\u00e1n una carta a la representaci\u00f3n consular dominicana de cada pa\u00eds para expresar el rechazo total a la Sentencia del Tribunal Constitucional dominicano, as\u00ed como reafirmar la solidaridad con las personas dominicanas afectadas por el dictamen.<\/p>\n<p>En Puerto Rico se entregar\u00e1 una carta este mi\u00e9rcoles 23 de octubre a las 3:30 de la tarde, en el Consulado de la Rep\u00fablica Dominicana, que ubica en la Avenida Ponce de Le\u00f3n # 1606, Edificio Cobi\u00e1n Plaza en Santurce.<\/p>\n<p>Participar\u00e1n del acto de la entrega de la carta Solange Manuela Pierre, hija de la desaparecida activista por la causa dominico-haitiana y los derechos humanos Sonia Pierre, quien fund\u00f3 el Movimiento de Mujeres Dominico- Haitiana (MUDHA). As\u00ed tambi\u00e9n, Amnist\u00eda Internacional y la Red de Organizaciones Dominicanas en Puerto Rico.<\/p><div class=\"notic-content-middle\" id=\"notic-180599414\"><div class=\"notic-adlabel\">Advertisements<\/div><a data-no-instant=\"1\" href=\"https:\/\/www.asegurate-bien.com\/\" rel=\"noopener\" class=\"a2t-link\" target=\"_blank\" aria-label=\"Acodese-Adaptaciones-Noticel-300&#215;250\"><img loading=\"lazy\" decoding=\"async\" src=\"https:\/\/cdn.noticel.com\/2026\/05\/30094423\/Acodese-Adaptaciones-Noticel-300x250-1.jpg\" alt=\"\"  srcset=\"https:\/\/cdn.noticel.com\/2026\/05\/30094423\/Acodese-Adaptaciones-Noticel-300x250-1.jpg 300w, https:\/\/cdn.noticel.com\/2026\/05\/30094423\/Acodese-Adaptaciones-Noticel-300x250-1-14x12.jpg 14w\" sizes=\"(max-width: 300px) 100vw, 300px\" width=\"300\" height=\"250\"   \/><\/a><\/div>\n<p>El jueves 24 de octubre, a las 7:00 de la noche en el Colegio de Abogados, se llevar\u00e1 a cabo el Conversatorio Apartheid en Rep\u00fablica Dominicana: di\u00e1logo sobre la sentencia del Tribunal Constitucional contra descendientes de haitianas\/os.<\/p>\n<p>El conversatorio estar\u00e1 integrado, adem\u00e1s de Solange Manuela Pierre, por Paola Pelletier Qui\u00f1ones, del equipo de abogados que representan la comunidad dominicana de ascendencia haitiana, afectada por la sentencia del Tribunal Constitucional.<\/p>\n<p>El evento es un esfuerzo conjunto del Comit\u00e9 Pro Ni\u00f1ez Dominico Haitiana y el Comit\u00e9 de Solidaridad con el Pueblo de Hait\u00ed, as\u00ed como la Red de Esperanza y Solidaridad; Amnist\u00eda Internacional y la Parroquia San Mateo.<\/p>","protected":false},"excerpt":{"rendered":"<p>El Comite Pro Ni\u00f1ez Dominico Haitiana, se uni\u00f3 a la denuncia internacional contra la Sentencia 168\/13 del Tribunal Constitucional de la Rep\u00fablica Dominicana, que arrebata la nacionalidad de cuatro generaciones de dominicanos\/as de ascendencia haitiana. Este mi\u00e9rcoles 23 de octubre, el cumplirse un mes del dictamen, organizaciones y personas en diferentes ciudades del mundo entregar\u00e1n [&hellip;]<\/p>","protected":false},"author":0,"featured_media":315844,"comment_status":"closed","ping_status":"closed","sticky":false,"template":"","format":"standard","meta":{"_acf_changed":false,"_monsterinsights_skip_tracking":false,"ep_exclude_from_search":false,"footnotes":""},"categories":[17],"tags":[],"class_list":["post-98272","post","type-post","status-publish","format-standard","has-post-thumbnail","hentry","category-mundo"],"acf":[],"aioseo_notices":[],"_links":{"self":[{"href":"https:\/\/noticel.com\/en\/wp-json\/wp\/v2\/posts\/98272","targetHints":{"allow":["GET"]}}],"collection":[{"href":"https:\/\/noticel.com\/en\/wp-json\/wp\/v2\/posts"}],"about":[{"href":"https:\/\/noticel.com\/en\/wp-json\/wp\/v2\/types\/post"}],"replies":[{"embeddable":true,"href":"https:\/\/noticel.com\/en\/wp-json\/wp\/v2\/comments?post=98272"}],"version-history":[{"count":1,"href":"https:\/\/noticel.com\/en\/wp-json\/wp\/v2\/posts\/98272\/revisions"}],"predecessor-version":[{"id":315846,"href":"https:\/\/noticel.com\/en\/wp-json\/wp\/v2\/posts\/98272\/revisions\/315846"}],"wp:featuredmedia":[{"embeddable":true,"href":"https:\/\/noticel.com\/en\/wp-json\/wp\/v2\/media\/315844"}],"wp:attachment":[{"href":"https:\/\/noticel.com\/en\/wp-json\/wp\/v2\/media?parent=98272"}],"wp:term":[{"taxonomy":"category","embeddable":true,"href":"https:\/\/noticel.com\/en\/wp-json\/wp\/v2\/categories?post=98272"},{"taxonomy":"post_tag","embeddable":true,"href":"https:\/\/noticel.com\/en\/wp-json\/wp\/v2\/tags?post=98272"}],"curies":[{"name":"wp","href":"https:\/\/api.w.org\/{rel}","templated":true}]}}