{"id":979417,"date":"2026-02-07T04:30:00","date_gmt":"2026-02-07T08:30:00","guid":{"rendered":"https:\/\/noticel.com\/?p=979417"},"modified":"2026-02-08T10:13:44","modified_gmt":"2026-02-08T14:13:44","slug":"bad-bunny-y-el-espanol-un-descanso-para-el-super-bowl-mas-tenso-de-la-era-trump","status":"publish","type":"post","link":"https:\/\/noticel.com\/en\/entretenimiento\/20260207\/bad-bunny-y-el-espanol-un-descanso-para-el-super-bowl-mas-tenso-de-la-era-trump\/","title":{"rendered":"Bad Bunny y el espa\u00f1ol, un \u00bfdescanso? para el Super Bowl m\u00e1s tenso de la era Trump"},"content":{"rendered":"<p>Mikaela Viqueira<\/p>\n\n\n\n<p>Santa Clara (EE.UU.), (EFE).- Bad Bunny se subir\u00e1 este domingo al escenario m\u00e1s visto del mundo para protagonizar el primer espect\u00e1culo en la historia de un Super Bowl con un repertorio \u00edntegramente en espa\u00f1ol, un hito que desaf\u00eda la narrativa cultural latina de EE.UU. en la era m\u00e1s radical del Gobierno de Donald Trump.<\/p>\n\n\n\n<p>El artista puertorrique\u00f1o aterriza en esta cita en su mejor momento: coronado como el \u00edcono cultural de la d\u00e9cada y arrastrando todav\u00eda el triunfo de los Grammy, donde hizo historia al conquistar el galard\u00f3n m\u00e1s prestigioso con un \u00e1lbum \u00edntegramente en espa\u00f1ol y ofrecer uno de los discursos de denuncia m\u00e1s poderosos de la industria.<\/p>\n\n\n\n<p>\u00abNo somos salvajes, no somos animales, no somos aliens -t\u00e9rmino designado a cualquier persona que no sea ciudadana o nacional estadounidense, pero que en la ret\u00f3rica actual se emplea para deshumanizar al migrante-. Somos humanos y somos americanos\u00bb, dijo tras recoger el galard\u00f3n a mejor \u00e1lbum de m\u00fasica urbana.<\/p>\n\n\n\n<p>Este compromiso por alzar el espa\u00f1ol en EE.UU. cobra simbolismo en este momento en el pa\u00eds, con un Gobierno que ha endurecido la ret\u00f3rica sobre la identidad nacional y activado una agresiva maquinaria de control migratorio a trav\u00e9s del Servicio de Inmigraci\u00f3n y Control de Aduanas (ICE, en ingl\u00e9s).<\/p>\n\n\n\n<h2 class=\"wp-block-heading\"><strong>El escenario m\u00e1s estadounidense en espa\u00f1ol<\/strong><\/h2>\n\n\n\n<p>El anuncio de Bad Bunny como cabeza de cartel del descanso fue una decisi\u00f3n que ni la propia NFL supo dimensionar. De hecho, la elecci\u00f3n ha sorprendido por el riesgo que asume la que se ha considerado hist\u00f3ricamente la instituci\u00f3n deportiva m\u00e1s conservadora del pa\u00eds al entregar su horario de m\u00e1xima audiencia a un repertorio exclusivamente en espa\u00f1ol.<\/p>\n\n\n\n<p>El comisionado de la NFL, Roger Goodell, ha reafirmado su apoyo a Bad Bunny incluso despu\u00e9s de sus palabras en los premios m\u00e1s importantes de la industria musical: \u00abEs uno de los grandes artistas del mundo\u00bb, dijo en una rueda de prensa.<\/p>\n\n\n\n<p>Lo que para la industria musical responde a la consecuencia del \u00e9xito del &#8216;conejo malo&#8217;, respaldado por cifras que lo sit\u00faan como el artista m\u00e1s escuchado del planeta, para los sectores m\u00e1s conservadores del Partido Republicano ha supuesto una afrenta a la tradici\u00f3n y a la identidad del espect\u00e1culo.<\/p>\n\n\n\n<p>El propio Trump tach\u00f3 de \u00abrid\u00edcula\u00bb su elecci\u00f3n y confirm\u00f3 que no asistir\u00e1 al evento deportivo m\u00e1s importante del pa\u00eds de este a\u00f1o por estar en contra del cantante. \u00abCreo que es una p\u00e9sima elecci\u00f3n. Lo \u00fanico que hace es sembrar odio. Terrible\u00bb, afirm\u00f3.<\/p><div class=\"notic-content-middle\" id=\"notic-3277332986\"><div class=\"notic-adlabel\">Advertisements<\/div><a data-no-instant=\"1\" href=\"https:\/\/www.asegurate-bien.com\/\" rel=\"noopener\" class=\"a2t-link\" target=\"_blank\" aria-label=\"Acodese-Adaptaciones-Noticel-970&#215;90\"><img loading=\"lazy\" decoding=\"async\" src=\"https:\/\/cdn.noticel.com\/2026\/07\/30100146\/Acodese-Adaptaciones-Noticel-970x90-1.jpg\" alt=\"\"  srcset=\"https:\/\/cdn.noticel.com\/2026\/07\/30100146\/Acodese-Adaptaciones-Noticel-970x90-1.jpg 970w, https:\/\/cdn.noticel.com\/2026\/07\/30100146\/Acodese-Adaptaciones-Noticel-970x90-1-300x28.jpg 300w, https:\/\/cdn.noticel.com\/2026\/07\/30100146\/Acodese-Adaptaciones-Noticel-970x90-1-768x71.jpg 768w, https:\/\/cdn.noticel.com\/2026\/07\/30100146\/Acodese-Adaptaciones-Noticel-970x90-1-18x2.jpg 18w\" sizes=\"(max-width: 970px) 100vw, 970px\" width=\"970\" height=\"90\"   \/><\/a><\/div>\n\n\n\n<p>Y es que el tema migratorio ha marcado los proleg\u00f3menos de este encuentro, con versiones sobre un posible refuerzo de la vigilancia por parte de las autoridades fronterizas durante la actuaci\u00f3n de la superestrella puertorrique\u00f1a.<\/p>\n\n\n\n<p>Ante estas incertidumbre, el comit\u00e9 organizador aclar\u00f3 que no se contempla la puesta en marcha de operativos especiales durante la celebraci\u00f3n del Super Bowl LX, de acuerdo a un memorando obtenido por The Washington Post y The Athletic.<\/p>\n\n\n\n<p>En las calles de San Francisco comenzaron a aparecer carteles con los mensajes&nbsp;&#8216;ICE Out&#8217;&nbsp;y&nbsp;&#8216;Chinga la migra&#8217;, expresiones cargadas de un hist\u00f3rico sentimiento de resistencia chicana y latina.<\/p>\n\n\n\n<p>Las pancartas forman parte de una campa\u00f1a que usa como emblema al sapo concho \u2014un anfibio end\u00e9mico de Puerto Rico en peligro cr\u00edtico de extinci\u00f3n que Bad Bunny ha adoptado como s\u00edmbolo aut\u00f3ctono de su reciente gira\u2014 para exigir el fin de las operaciones del ICE.<\/p>\n\n\n\n<h2 class=\"wp-block-heading\"><strong>Green Day, la guinda del pastel<\/strong><\/h2>\n\n\n\n<p>A la actuaci\u00f3n de Bad Bunny se suma la de Green Day, una de las voces m\u00e1s feroces contra el Gobierno de Trump y cuya actuaci\u00f3n en el Super Bowl no hace m\u00e1s que a\u00f1adir m\u00e1s le\u00f1a al fuego.<\/p>\n\n\n\n<p>La banda de Billie Joe Armstrong, que ha hecho del activismo pol\u00edtico una se\u00f1a de identidad en su carrera, llega al Levi&#8217;s Stadium de Santa Clara, en California, con el antecedente de su sonada participaci\u00f3n en el Festival Coachella de 2025.<\/p>\n\n\n\n<p>\u00abNo somos parte de la agenda de odio\u00bb, proclam\u00f3 el grupo en medio del desierto californiano.<\/p>\n\n\n\n<p>Poco se sabe de los 13 minutos de actuaci\u00f3n que ofrecer\u00e1 Bad Bunny, m\u00e1s all\u00e1 de que convertir\u00e1 el escenario \u00aben una gran fiesta\u00bb y que llevar\u00e1 \u00abmucha cultura puertorrique\u00f1a\u00bb, seg\u00fan adelant\u00f3 en una rueda de prensa el pasado jueves.<\/p>\n\n\n\n<p>La combinaci\u00f3n de la soberan\u00eda cultural de Bad Bunny con la rebeld\u00eda punk de Green Day convierten el espect\u00e1culo del Super Bowl LX en un s\u00edmbolo de resistencia frente al Gobierno y promete ser de los espect\u00e1culos m\u00e1s recordados de la historia del deporte rey estadounidense.<\/p>\n\n\n\n<p><\/p>","protected":false},"excerpt":{"rendered":"<p>Mikaela Viqueira Santa Clara (EE.UU.), (EFE).- Bad Bunny se subir\u00e1 este domingo al escenario m\u00e1s visto del mundo para protagonizar el primer espect\u00e1culo en la historia de un Super Bowl con un repertorio \u00edntegramente en espa\u00f1ol, un hito que desaf\u00eda la narrativa cultural latina de EE.UU. en la era m\u00e1s radical del Gobierno de Donald [&hellip;]<\/p>","protected":false},"author":102,"featured_media":979418,"comment_status":"open","ping_status":"open","sticky":false,"template":"","format":"standard","meta":{"_acf_changed":false,"_monsterinsights_skip_tracking":false,"ep_exclude_from_search":false,"footnotes":""},"categories":[52,53],"tags":[947,1961,1771],"class_list":["post-979417","post","type-post","status-publish","format-standard","has-post-thumbnail","hentry","category-entretenimiento","category-musica","tag-bad-bunny","tag-nfl","tag-super-bowl"],"acf":[],"aioseo_notices":[],"_links":{"self":[{"href":"https:\/\/noticel.com\/en\/wp-json\/wp\/v2\/posts\/979417","targetHints":{"allow":["GET"]}}],"collection":[{"href":"https:\/\/noticel.com\/en\/wp-json\/wp\/v2\/posts"}],"about":[{"href":"https:\/\/noticel.com\/en\/wp-json\/wp\/v2\/types\/post"}],"author":[{"embeddable":true,"href":"https:\/\/noticel.com\/en\/wp-json\/wp\/v2\/users\/102"}],"replies":[{"embeddable":true,"href":"https:\/\/noticel.com\/en\/wp-json\/wp\/v2\/comments?post=979417"}],"version-history":[{"count":1,"href":"https:\/\/noticel.com\/en\/wp-json\/wp\/v2\/posts\/979417\/revisions"}],"predecessor-version":[{"id":979419,"href":"https:\/\/noticel.com\/en\/wp-json\/wp\/v2\/posts\/979417\/revisions\/979419"}],"wp:featuredmedia":[{"embeddable":true,"href":"https:\/\/noticel.com\/en\/wp-json\/wp\/v2\/media\/979418"}],"wp:attachment":[{"href":"https:\/\/noticel.com\/en\/wp-json\/wp\/v2\/media?parent=979417"}],"wp:term":[{"taxonomy":"category","embeddable":true,"href":"https:\/\/noticel.com\/en\/wp-json\/wp\/v2\/categories?post=979417"},{"taxonomy":"post_tag","embeddable":true,"href":"https:\/\/noticel.com\/en\/wp-json\/wp\/v2\/tags?post=979417"}],"curies":[{"name":"wp","href":"https:\/\/api.w.org\/{rel}","templated":true}]}}