{"id":97914,"date":"2014-10-28T18:24:22","date_gmt":"2014-10-28T22:24:22","guid":{"rendered":"http:\/\/www.noticel.com\/deportes\/20141028\/boxeo-pedraza-y-sasso-guantean-en-catano-galeria-2\/"},"modified":"2025-07-15T08:19:12","modified_gmt":"2025-07-15T08:19:12","slug":"boxeo-pedraza-y-sasso-guantean-en-catano-galeria-2","status":"publish","type":"post","link":"https:\/\/noticel.com\/en\/deportes\/20141028\/boxeo-pedraza-y-sasso-guantean-en-catano-galeria-2\/","title":{"rendered":"Boxeo: Pedraza y Sasso guantean en Cata\u00f1o (galer\u00eda)"},"content":{"rendered":"<p>Durante la tarde de hoy martes en el Gimnasio Municipal de Cata\u00f1o, el campe\u00f3n mundial s\u00faper pluma de la IBO, Jose &#8216;Sniper&#8217; Pedraza (18-0, 12KO&#8217;s) y el polifacetico prospecto, Edgardo &#8216;Sasso&#8217; L\u00f3pez (9-0-1, 4KO&#8217;s) mostraron parte de su arsenal en un intenso guanteo, como preparaci\u00f3n para sus respetivos compromisos del viernes, 14 de noviembre, en el Coliseo Roberto Clemente de San Juan.<\/p>\n<p>&#8216;El entrenamiento ha sido muy bueno. Siempre hemos entrenado con intensidad, pero esta preparaci\u00f3n ha sido una de las mejores. Estamos haciendo 18 asaltos dos veces al d\u00eda y estamos haciendo mucho fondo. Los guanteos con Rocky me han ayudado mucho, gracias a su experiencia y fuerza en el ring. Luis Rosario me ha ayudado mucho y ahora Sasso que refuerza esta preparaci\u00f3n&#8217;, manifest\u00f3 Pedraza.<\/p>\n<p>Mientras, el entrenador Luis Espada se mostr\u00f3 complacido con la labor. &#8216;Estamos muy contentos en trabajar con Sasso y Cano. Ambos son grandes amigos y queremos que salga victorioso la noche del 14 de noviembre. El plan era poder ayudarnos y poner en pr\u00e1ctica lo aprendido. Le deseamos la mayor de las suertes a Alberto Mercado, que sabemos es un excelente boxeador, pero en esta ocasi\u00f3n entendemos que Sasso saldr\u00e1 con la victoria.<\/p>\n<p>Pedraza tendr\u00e1 la oportunidad de convertirse en el retador mandatorio a la corona s\u00faper pluma (130 libras) de la Federaci\u00f3n Internacional de Boxeo, esto cuando se mida al primer clasificado y fuerte pegador zurdo, el filipino Michael Farenas (39-4-4, 31KO&#8217;s).<\/p>\n<p>&#8216;Estamos bien enfocados y con los pies bien puestos en la tierra. Sabemos la calidad y categor\u00eda de nuestro rival. Farenas es un boxeador experimentado, fuerte y agresivo. Para eso nos estamos preparando. El campamento lo hemos hecho consientes de que vamos a una pelea de doce asaltos aguerridos. Hemos<\/p>\n<p>trabajado para neutralizar la fuerte recta y \u2018volao&#8217; que tiene Farenas&#8217;, dijo Espada.<\/p>\n<p>El entrenador cidre\u00f1o dej\u00f3 claro que la preparaci\u00f3n ha sido la mejor y que no se intimidan ante las amenazas de nocaut que han hecho Farenas y su entrenador, el ex campe\u00f3n mundial Gerry Pe\u00f1alosa.<\/p>\n<p>&#8216;Espero que vengan con la misma actitud que est\u00e1n hablando. El 14 de noviembre, simplemente espero que Farenas venga bien preparado, porque como nuestros invitados a Puerto Rico, los vamos a recibir con el mejor banquete. Le vamos a servir un nocaut. Que no se preocupe por los oficiales, nosotros nos encargaremos de demostrar que Jos\u00e9 Pedraza tiene todos los elementos para ser campe\u00f3n mundial&#8217;.<\/p>\n<p>Por su parte, Pedraza se proyect\u00f3 confiado. &#8216;No me intimida. Muchos han dicho que me van a noquear, ninguno lo ha logrado. El piensa que porque tiene m\u00e1s experiencia puede venir a subestimarme. No me conoce realmente. Lo voy a castigar como loco, va a terminar desfigurado. Van a ver a un \u2018Sniper&#8217; m\u00e1s certero que nunca y tendr\u00e1 q tragarse sus palabras&#8217;. Los boxeadores realizaron seis intensos asaltos de guanteo, donde ambos pudieron poner en practica las estrategias a utilizar la noche del 14 de noviembre en el Clemente.<\/p>\n<p>&#8216;Genial. Intenso y de mucho aprendizaje. Pedraza es un gran amigo y sin duda uno de los mejores boxeadores que tenemos en Puerto Rico. La ayuda ha sido mutua y estoy seguro que vamos a dar un gran espect\u00e1culo el 14 de noviembre. Pedraza tiene todo para convertirse en campe\u00f3n mundial y estoy seguro lo demostrar\u00e1 ante Farenas. Aqu\u00ed quien realmente ganar\u00e1 ser\u00e1 la fanaticada del boxeo, porque tendr\u00e1 un verdadero manjar esa noche. Con la ayuda de Dios y el esfuerzo nuestro, vamos a salir victoriosos&#8217;, manifest\u00f3 el CPA y estudiante de la Escuela de Derecho de la UPR, Edgardo L\u00f3pez Sasso.<\/p>\n<p>Sasso estar\u00e1 buscando conquistar el campeonato Fedecentro s\u00faper pluma de la Asociaci\u00f3n Mundial de Boxeo, esto cuando se mida al habilidoso zurdo Alberto Mercado (9-0, 2KO&#8217;s).<\/p>\n<p>&#8216;La preparaci\u00f3n ha sido incre\u00edble. Estoy en la mejor condici\u00f3n y vengo a demostrarlo sobre el cuadril\u00e1tero. S\u00e9 que Mercado es tremendo boxeador. Es zurdo, con buen alcance y bastante ma\u00f1oso. Estamos dise\u00f1ando un excelente plan para la noche del 14 de noviembre. Que la fanaticada se d\u00e9 cita, porque pondr\u00e9 mi \u2018sass\u00f3n&#8217; para adue\u00f1arme de esa correa y sumar otra victoria a mi record. Esa noche solo quedar\u00e1 un invicto y ese ser\u00e1 Edgardo \u2018Sasso&#8217; L\u00f3pez&#8217;, manifest\u00f3 el peleador.<\/p>\n<p>Al gimnasio se present\u00f3 el ex triple campe\u00f3n mundial, Wilfredo \u2018Bazooka&#8217; G\u00f3mez, quien se mostr\u00f3 emocionado por el gran talento de estos dos boxeadores. &#8216;Estoy apoyando a Sasso y a Pedraza. Estos muchachos tienen el talento y la destreza para brillar. Estoy seguro que ser\u00e1n campeones mundiales y llegar\u00e1n al m\u00e1s alto sitial. El viernes, 14 de noviembre estar\u00e9 presente en esa cartelera&#8217;, manifest\u00f3 G\u00f3mez.<\/p>\n<p>La cartelera \u2018Noche de Campeones DIRECTV&#8217; contar\u00e1 con 10 emocionantes combates y el primer encuentro de la velada box\u00edstica dar\u00e1 comienzo a las 6:00 de la tarde. Los boletos est\u00e1n a la venta en www.prticket.com, llamando al (787) 303-0334 y\/o visitando La Gran Discoteca de Sears en Plaza Las Am\u00e9ricas, Plaza del Caribe en Ponce y Mayag\u00fcez Mall.<\/p>\n<p><img decoding=\"async\" embed-content-articleid=\"610547088\" embed-content-groupid=\"593030471\" embed-content-id=\"610547089\" embed-content-index=\"0\" embed-content-type=\"GALLERY\" src=\"https:\/\/media.noticel.com\/o2com-noti-media-us-east-1\/photo\/2014\/10\/28\/2ad0d51fac1000ad45b883e59890319b_8168472_ver1.0_320_240.jpg\"\/>\u00a0\u00a0\u00a0\u00a0\u00a0\u00a0\u00a0\u00a0\u00a0\u00a0<\/p>","protected":false},"excerpt":{"rendered":"<p>Durante la tarde de hoy martes en el Gimnasio Municipal de Cata\u00f1o, el campe\u00f3n mundial s\u00faper pluma de la IBO, Jose &#8216;Sniper&#8217; Pedraza (18-0, 12KO&#8217;s) y el polifacetico prospecto, Edgardo &#8216;Sasso&#8217; L\u00f3pez (9-0-1, 4KO&#8217;s) mostraron parte de su arsenal en un intenso guanteo, como preparaci\u00f3n para sus respetivos compromisos del viernes, 14 de noviembre, en [&hellip;]<\/p>","protected":false},"author":0,"featured_media":318464,"comment_status":"closed","ping_status":"closed","sticky":false,"template":"","format":"standard","meta":{"_acf_changed":false,"_monsterinsights_skip_tracking":false,"ep_exclude_from_search":false,"footnotes":""},"categories":[31],"tags":[],"class_list":["post-97914","post","type-post","status-publish","format-standard","has-post-thumbnail","hentry","category-deportes"],"acf":[],"aioseo_notices":[],"_links":{"self":[{"href":"https:\/\/noticel.com\/en\/wp-json\/wp\/v2\/posts\/97914","targetHints":{"allow":["GET"]}}],"collection":[{"href":"https:\/\/noticel.com\/en\/wp-json\/wp\/v2\/posts"}],"about":[{"href":"https:\/\/noticel.com\/en\/wp-json\/wp\/v2\/types\/post"}],"replies":[{"embeddable":true,"href":"https:\/\/noticel.com\/en\/wp-json\/wp\/v2\/comments?post=97914"}],"version-history":[{"count":1,"href":"https:\/\/noticel.com\/en\/wp-json\/wp\/v2\/posts\/97914\/revisions"}],"predecessor-version":[{"id":318519,"href":"https:\/\/noticel.com\/en\/wp-json\/wp\/v2\/posts\/97914\/revisions\/318519"}],"wp:featuredmedia":[{"embeddable":true,"href":"https:\/\/noticel.com\/en\/wp-json\/wp\/v2\/media\/318464"}],"wp:attachment":[{"href":"https:\/\/noticel.com\/en\/wp-json\/wp\/v2\/media?parent=97914"}],"wp:term":[{"taxonomy":"category","embeddable":true,"href":"https:\/\/noticel.com\/en\/wp-json\/wp\/v2\/categories?post=97914"},{"taxonomy":"post_tag","embeddable":true,"href":"https:\/\/noticel.com\/en\/wp-json\/wp\/v2\/tags?post=97914"}],"curies":[{"name":"wp","href":"https:\/\/api.w.org\/{rel}","templated":true}]}}