{"id":9782,"date":"2012-06-17T00:00:00","date_gmt":"2012-06-17T04:00:00","guid":{"rendered":"http:\/\/www.noticel.com\/deportes\/20120617\/con-nombres-y-apellidos-los-12-magnificos\/"},"modified":"2025-08-27T06:01:52","modified_gmt":"2025-08-27T06:01:52","slug":"con-nombres-y-apellidos-los-12-magnificos","status":"publish","type":"post","link":"https:\/\/noticel.com\/en\/deportes\/20120617\/con-nombres-y-apellidos-los-12-magnificos\/","title":{"rendered":"Con nombres y apellidos los 12 magn\u00edficos"},"content":{"rendered":"<p>En la tarde de hoy, ya se ha hecho p\u00fablico el anuncio de los 12 integrantes de la selecci\u00f3n puertorrique\u00f1a que participar\u00e1 en el Centrobasket.<\/p>\n<p>A los veteranos jugadores de la selecci\u00f3n se le han unido tres jugadores j\u00f3venes<\/p>\n<p>A los veteranos jugadores de la selecci\u00f3n se le han unido tres jugadores j\u00f3venes que lucieron muy bien en el partido de anoche ante Rep\u00fablica Dominicana. Esos tresnuevos rostros de la selecci\u00f3n puertorrique\u00f1a de baloncesto lo son Alexander Franklin,\u00c1ngel &#8216;Piwi&#8217; Garc\u00eda y Mike Rosario.<\/p><div class=\"notic-content-middle\" id=\"notic-3210527680\"><div class=\"notic-adlabel\">Advertisements<\/div><a data-no-instant=\"1\" href=\"https:\/\/www.asegurate-bien.com\/\" rel=\"noopener\" class=\"a2t-link\" target=\"_blank\" aria-label=\"Acodese-Adaptaciones-Noticel-970&#215;250\"><img loading=\"lazy\" decoding=\"async\" src=\"https:\/\/cdn.noticel.com\/2026\/05\/30100504\/Acodese-Adaptaciones-Noticel-970x250-1.jpg\" alt=\"\"  srcset=\"https:\/\/cdn.noticel.com\/2026\/05\/30100504\/Acodese-Adaptaciones-Noticel-970x250-1.jpg 970w, https:\/\/cdn.noticel.com\/2026\/05\/30100504\/Acodese-Adaptaciones-Noticel-970x250-1-300x77.jpg 300w, https:\/\/cdn.noticel.com\/2026\/05\/30100504\/Acodese-Adaptaciones-Noticel-970x250-1-768x198.jpg 768w, https:\/\/cdn.noticel.com\/2026\/05\/30100504\/Acodese-Adaptaciones-Noticel-970x250-1-18x5.jpg 18w\" sizes=\"(max-width: 970px) 100vw, 970px\" width=\"970\" height=\"250\"   \/><\/a><\/div>\n<p>Los boricuas, que debutar\u00e1n ma\u00f1ana a las 8 de la noche, en un partido contraPanam\u00e1, buscar\u00e1n defender su cetro y coronarse nuevamente como campeones delCentrobasket. Entre los veteranos en la selecci\u00f3n se encuentra el enebesita Jos\u00e9 JuanBarea, Danny Santiago, Filiberto Rivera, Ricky S\u00e1nchez, Peter John Ramos, Andr\u00e9sRodr\u00edguez, David Huertas, Alex Galindo y Edwin Ubiles.<\/p>\n<p>Entre los jugadores que quedaron fuera estuvieron Tom\u00e1s V\u00e1zquez, Miguel AliBerdiel y \u00c1ngel \u00c1lamo. Como refuerzos, aunque no ver\u00e1n acci\u00f3n en los partidos, en lasposiciones 13 y 14 se encontraron Johwen Villlegas y Kevin Young.<\/p>\n<p>El Centrobasket, comenzar\u00e1 ma\u00f1ana en el Coliseo Jos\u00e9 Miguel Agrelot en HatoRey. All\u00ed se dar\u00e1n cita equipos de Am\u00e9rica Central y el Caribe en busca de obtener supase al Repechaje Ol\u00edmpico en Venezuela.<\/p>","protected":false},"excerpt":{"rendered":"<p>En la tarde de hoy, ya se ha hecho p\u00fablico el anuncio de los 12 integrantes de la selecci\u00f3n puertorrique\u00f1a que participar\u00e1 en el Centrobasket. A los veteranos jugadores de la selecci\u00f3n se le han unido tres jugadores j\u00f3venes A los veteranos jugadores de la selecci\u00f3n se le han unido tres jugadores j\u00f3venes que lucieron [&hellip;]<\/p>","protected":false},"author":0,"featured_media":916707,"comment_status":"closed","ping_status":"closed","sticky":false,"template":"","format":"standard","meta":{"_acf_changed":false,"_monsterinsights_skip_tracking":false,"ep_exclude_from_search":false,"footnotes":""},"categories":[31],"tags":[],"class_list":["post-9782","post","type-post","status-publish","format-standard","has-post-thumbnail","hentry","category-deportes"],"acf":[],"aioseo_notices":[],"_links":{"self":[{"href":"https:\/\/noticel.com\/en\/wp-json\/wp\/v2\/posts\/9782","targetHints":{"allow":["GET"]}}],"collection":[{"href":"https:\/\/noticel.com\/en\/wp-json\/wp\/v2\/posts"}],"about":[{"href":"https:\/\/noticel.com\/en\/wp-json\/wp\/v2\/types\/post"}],"replies":[{"embeddable":true,"href":"https:\/\/noticel.com\/en\/wp-json\/wp\/v2\/comments?post=9782"}],"version-history":[{"count":1,"href":"https:\/\/noticel.com\/en\/wp-json\/wp\/v2\/posts\/9782\/revisions"}],"predecessor-version":[{"id":916733,"href":"https:\/\/noticel.com\/en\/wp-json\/wp\/v2\/posts\/9782\/revisions\/916733"}],"wp:featuredmedia":[{"embeddable":true,"href":"https:\/\/noticel.com\/en\/wp-json\/wp\/v2\/media\/916707"}],"wp:attachment":[{"href":"https:\/\/noticel.com\/en\/wp-json\/wp\/v2\/media?parent=9782"}],"wp:term":[{"taxonomy":"category","embeddable":true,"href":"https:\/\/noticel.com\/en\/wp-json\/wp\/v2\/categories?post=9782"},{"taxonomy":"post_tag","embeddable":true,"href":"https:\/\/noticel.com\/en\/wp-json\/wp\/v2\/tags?post=9782"}],"curies":[{"name":"wp","href":"https:\/\/api.w.org\/{rel}","templated":true}]}}