{"id":97611,"date":"2016-07-30T16:43:00","date_gmt":"2016-07-30T20:43:00","guid":{"rendered":"http:\/\/www.noticel.com\/la-calle\/20160730\/buscan-a-menor-desaparecida-en-san-lorenzo\/"},"modified":"2025-07-15T08:50:13","modified_gmt":"2025-07-15T08:50:13","slug":"buscan-a-menor-desaparecida-en-san-lorenzo","status":"publish","type":"post","link":"https:\/\/noticel.com\/en\/noticias\/la-calle\/20160730\/buscan-a-menor-desaparecida-en-san-lorenzo\/","title":{"rendered":"Buscan a menor desaparecida en San Lorenzo"},"content":{"rendered":"<p>Agentes de la Divisi\u00f3n de Personas Desaparecidas del Cuerpo de Investigaciones Criminales (CIC) de Caguas buscan a una menor que desapareci\u00f3 en horas de la madrugada de hoy, s\u00e1bado, 30 de julio de 2016.<\/p>\n<p>Leyshka Cristal V\u00e1zquez Cruz, de 12 a\u00f1os de edad, fue vista por \u00faltima vez en su residencia en la Loma de Federico Delgado que ubica en el Barrio Quemado Carretera 788 km 2.0 de San Lorenzo.<\/p><div class=\"notic-content-middle\" id=\"notic-3291666533\"><div class=\"notic-adlabel\">Advertisements<\/div><a data-no-instant=\"1\" href=\"https:\/\/qrco.de\/bgxd5v\" rel=\"noopener\" class=\"a2t-link\" target=\"_blank\" aria-label=\"300X600-SEBUSCA3\"><img loading=\"lazy\" decoding=\"async\" src=\"https:\/\/cdn.noticel.com\/2026\/09\/02194515\/300X600-SEBUSCA3.jpg\" alt=\"\"  srcset=\"https:\/\/cdn.noticel.com\/2026\/09\/02194515\/300X600-SEBUSCA3.jpg 300w, https:\/\/cdn.noticel.com\/2026\/09\/02194515\/300X600-SEBUSCA3-150x300.jpg 150w, https:\/\/cdn.noticel.com\/2026\/09\/02194515\/300X600-SEBUSCA3-6x12.jpg 6w\" sizes=\"(max-width: 300px) 100vw, 300px\" width=\"300\" height=\"600\"   \/><\/a><\/div>\n<p>V\u00e1zquez Cruz fue descrita como de tez trigue\u00f1a, 4&#8217;5\u00bb de estatura, 77 libras de peso, ojos marr\u00f3n, cabello largo marr\u00f3n. Se desconoce la vestimenta que usaba la menor al momento de su desaparici\u00f3n. Posteriormente se divulgar\u00e1 una foto.<\/p>\n<p>Si usted conoce su paradero comun\u00edquese con el CIC de Caguas al <a href=\"tel:787-744-0322\" target=\"_blank\" value=\"+17877440322\">787-744-0322<\/a>,al <a href=\"tel:787 343 2020\" target=\"_blank\" value=\"+17873432020\">787 343 2020<\/a>, a la aplicaci\u00f3n de tel\u00e9fonos inteligentes &#8216;BASTA YA&#8217; o a trav\u00e9s de la cuenta oficial de Twitter @PRPDNoticias y en Facebook www.facebook\/prpdgov.<\/p>","protected":false},"excerpt":{"rendered":"<p>Agentes de la Divisi\u00f3n de Personas Desaparecidas del Cuerpo de Investigaciones Criminales (CIC) de Caguas buscan a una menor que desapareci\u00f3 en horas de la madrugada de hoy, s\u00e1bado, 30 de julio de 2016. Leyshka Cristal V\u00e1zquez Cruz, de 12 a\u00f1os de edad, fue vista por \u00faltima vez en su residencia en la Loma de [&hellip;]<\/p>","protected":false},"author":0,"featured_media":320790,"comment_status":"closed","ping_status":"closed","sticky":false,"template":"","format":"standard","meta":{"_acf_changed":false,"_monsterinsights_skip_tracking":false,"ep_exclude_from_search":false,"footnotes":""},"categories":[12],"tags":[],"class_list":["post-97611","post","type-post","status-publish","format-standard","has-post-thumbnail","hentry","category-la-calle"],"acf":[],"aioseo_notices":[],"_links":{"self":[{"href":"https:\/\/noticel.com\/en\/wp-json\/wp\/v2\/posts\/97611","targetHints":{"allow":["GET"]}}],"collection":[{"href":"https:\/\/noticel.com\/en\/wp-json\/wp\/v2\/posts"}],"about":[{"href":"https:\/\/noticel.com\/en\/wp-json\/wp\/v2\/types\/post"}],"replies":[{"embeddable":true,"href":"https:\/\/noticel.com\/en\/wp-json\/wp\/v2\/comments?post=97611"}],"version-history":[{"count":1,"href":"https:\/\/noticel.com\/en\/wp-json\/wp\/v2\/posts\/97611\/revisions"}],"predecessor-version":[{"id":320792,"href":"https:\/\/noticel.com\/en\/wp-json\/wp\/v2\/posts\/97611\/revisions\/320792"}],"wp:featuredmedia":[{"embeddable":true,"href":"https:\/\/noticel.com\/en\/wp-json\/wp\/v2\/media\/320790"}],"wp:attachment":[{"href":"https:\/\/noticel.com\/en\/wp-json\/wp\/v2\/media?parent=97611"}],"wp:term":[{"taxonomy":"category","embeddable":true,"href":"https:\/\/noticel.com\/en\/wp-json\/wp\/v2\/categories?post=97611"},{"taxonomy":"post_tag","embeddable":true,"href":"https:\/\/noticel.com\/en\/wp-json\/wp\/v2\/tags?post=97611"}],"curies":[{"name":"wp","href":"https:\/\/api.w.org\/{rel}","templated":true}]}}