{"id":97530,"date":"2011-06-30T18:20:00","date_gmt":"2011-06-30T22:20:00","guid":{"rendered":"http:\/\/www.noticel.com\/la-calle\/20110630\/pocos-recuerdan-ataques-en-el-capitolio\/"},"modified":"2025-07-15T08:57:04","modified_gmt":"2025-07-15T08:57:04","slug":"pocos-recuerdan-ataques-en-el-capitolio","status":"publish","type":"post","link":"https:\/\/noticel.com\/en\/noticias\/la-calle\/20110630\/pocos-recuerdan-ataques-en-el-capitolio\/","title":{"rendered":"Pocos recuerdan ataques en el Capitolio"},"content":{"rendered":"<p>Aunque las obras de limpieza municipal en la Plaza Col\u00f3n intentaron opacar la actividad de conmemoraci\u00f3n de los ataques polic\u00edacos ocurridos hace un a\u00f1o en los predios del Capitolio, la manifestaci\u00f3n transcurri\u00f3 sin mayores obst\u00e1culos en la plazoleta del Viejo San Juan.<\/p>\n<p>&#8216;No podemos dejar pasar el hacer algo que denuncie ese evento vergonzoso. Lo que ocurri\u00f3 el 30 de junio del 2010 es emblem\u00e1tico de todo lo que est\u00e1 viviendo este pa\u00eds, de todo lo que est\u00e1 haciendo este gobierno para reprimir al pueblo&#8217;, explic\u00f3 el artista Elizam Escobar, quien fue uno de los organizadores de la actividad.<\/p>\n<p>Escobar adelant\u00f3 que la convocatoria de la que participaron m\u00e1s de una treintena de personas persigue hacer un llamado a la consciencia en repudio a las medidas violentas que el gobierno impulsa contra los obreros, los estudiantes y otros sectores.<\/p><div class=\"notic-content-middle\" id=\"notic-2103843526\"><div class=\"notic-adlabel\">Advertisements<\/div><a data-no-instant=\"1\" href=\"https:\/\/www.asegurate-bien.com\/\" rel=\"noopener\" class=\"a2t-link\" target=\"_blank\" aria-label=\"Acodese-Adaptaciones-Noticel-300&#215;600\"><img loading=\"lazy\" decoding=\"async\" src=\"https:\/\/cdn.noticel.com\/2026\/05\/30094652\/Acodese-Adaptaciones-Noticel-300x600-1.jpg\" alt=\"\"  srcset=\"https:\/\/cdn.noticel.com\/2026\/05\/30094652\/Acodese-Adaptaciones-Noticel-300x600-1.jpg 300w, https:\/\/cdn.noticel.com\/2026\/05\/30094652\/Acodese-Adaptaciones-Noticel-300x600-1-150x300.jpg 150w, https:\/\/cdn.noticel.com\/2026\/05\/30094652\/Acodese-Adaptaciones-Noticel-300x600-1-6x12.jpg 6w\" sizes=\"(max-width: 300px) 100vw, 300px\" width=\"300\" height=\"600\"   \/><\/a><\/div>\n<p>&#8216;Es una actividad cultural con unos testimonios de personas que estuvieron involucradas de una forma u otra en lo que pas\u00f3 el 30 de junio pasado&#8217;, dijo sobre la pintada y el programa musical que se estar\u00eda extendiendo hasta la noche.<\/p>\n<p>Casualmente, en horas de la tarde, previo al comienzo de la actividad que no logr\u00f3 conseguir los permisos municipales, una brigada de camiones lleg\u00f3 para limpiar la plaza. Entre tantas cosas, pasaban manguera de agua en donde ubicaban los manifestantes, barr\u00edan y pintaban.<\/p>\n<p><img decoding=\"async\" embed-content-articleid=\"664900392\" embed-content-groupid=\"593030475\" embed-content-id=\"664900392\" embed-content-index=\"0\" embed-content-type=\"PHOTO\" src=\"https:\/\/media.noticel.com\/o2com-noti-media-us-east-1\/photo\/2011\/06\/30\/manifestacion2_9507535_ver1.0_320_240.jpg\"\/><\/p>\n<p>(<em>Melissa Sol\u00f3rzano Garc\u00eda)<\/em><\/p>","protected":false},"excerpt":{"rendered":"<p>Aunque las obras de limpieza municipal en la Plaza Col\u00f3n intentaron opacar la actividad de conmemoraci\u00f3n de los ataques polic\u00edacos ocurridos hace un a\u00f1o en los predios del Capitolio, la manifestaci\u00f3n transcurri\u00f3 sin mayores obst\u00e1culos en la plazoleta del Viejo San Juan. &#8216;No podemos dejar pasar el hacer algo que denuncie ese evento vergonzoso. Lo [&hellip;]<\/p>","protected":false},"author":0,"featured_media":321285,"comment_status":"closed","ping_status":"closed","sticky":false,"template":"","format":"standard","meta":{"_acf_changed":false,"_monsterinsights_skip_tracking":false,"ep_exclude_from_search":false,"footnotes":""},"categories":[12],"tags":[],"class_list":["post-97530","post","type-post","status-publish","format-standard","has-post-thumbnail","hentry","category-la-calle"],"acf":[],"aioseo_notices":[],"_links":{"self":[{"href":"https:\/\/noticel.com\/en\/wp-json\/wp\/v2\/posts\/97530","targetHints":{"allow":["GET"]}}],"collection":[{"href":"https:\/\/noticel.com\/en\/wp-json\/wp\/v2\/posts"}],"about":[{"href":"https:\/\/noticel.com\/en\/wp-json\/wp\/v2\/types\/post"}],"replies":[{"embeddable":true,"href":"https:\/\/noticel.com\/en\/wp-json\/wp\/v2\/comments?post=97530"}],"version-history":[{"count":1,"href":"https:\/\/noticel.com\/en\/wp-json\/wp\/v2\/posts\/97530\/revisions"}],"predecessor-version":[{"id":321287,"href":"https:\/\/noticel.com\/en\/wp-json\/wp\/v2\/posts\/97530\/revisions\/321287"}],"wp:featuredmedia":[{"embeddable":true,"href":"https:\/\/noticel.com\/en\/wp-json\/wp\/v2\/media\/321285"}],"wp:attachment":[{"href":"https:\/\/noticel.com\/en\/wp-json\/wp\/v2\/media?parent=97530"}],"wp:term":[{"taxonomy":"category","embeddable":true,"href":"https:\/\/noticel.com\/en\/wp-json\/wp\/v2\/categories?post=97530"},{"taxonomy":"post_tag","embeddable":true,"href":"https:\/\/noticel.com\/en\/wp-json\/wp\/v2\/tags?post=97530"}],"curies":[{"name":"wp","href":"https:\/\/api.w.org\/{rel}","templated":true}]}}