{"id":97021,"date":"2017-01-26T22:22:00","date_gmt":"2017-01-27T02:22:00","guid":{"rendered":"http:\/\/www.noticel.com\/ahora\/legislatura\/20170126\/senado-aprueba-proyecto-para-la-descolonizacion-de-puerto-rico\/"},"modified":"2025-07-15T09:55:54","modified_gmt":"2025-07-15T09:55:54","slug":"senado-aprueba-proyecto-para-la-descolonizacion-de-puerto-rico","status":"publish","type":"post","link":"https:\/\/noticel.com\/en\/ultima-hora\/20170126\/senado-aprueba-proyecto-para-la-descolonizacion-de-puerto-rico\/","title":{"rendered":"Senado aprueba proyecto para la descolonizaci\u00f3n de Puerto Rico"},"content":{"rendered":"<p>El Senado aprob\u00f3 la noche del jueves el Proyecto del Senado 51, medida que crea la Ley para la Descolonizaci\u00f3n Inmediata de Puerto Rico y dispone los mecanismos para la ejecuci\u00f3n de consultas electorales al amparo de la legislaci\u00f3n federal vigente.<\/p>\n<p>La pieza legislativa ordena la convocatoria a un plebiscito el domingo, 11 de junio de 2017; con el prop\u00f3sito de realizar un proceso que le permita al ciudadano expresarse en torno a la soluci\u00f3n final del estatus colonial de Puerto Rico.<\/p>\n<p>.&#8217;Pong\u00e1mosle fin a la colonia para que no contin\u00fae el \u00e9xodo a los estados de la naci\u00f3n americana&#8217;.<\/p>\n<p>Esta herramienta jur\u00eddica plantea una consulta entre las opciones de Estadidad y Soberan\u00eda Separada de los Estados Unidos. En caso de que la Estadidad resulte favorecida por el electorado, se dispone el inicio inmediato de un proceso de transici\u00f3n para la admisi\u00f3n de Puerto Rico como un estado de la Uni\u00f3n en igualdad de derechos y deberes con los dem\u00e1s estados.<\/p>\n<p>Si la opci\u00f3n favorecida fuera la Soberan\u00eda separada de los Estados Unidos, quedar\u00eda convocado autom\u00e1ticamente un refer\u00e9ndum que se llevar\u00eda a cabo el 8 de octubre de 2017, en el que los electores deber\u00e1n escoger \u00fanicamente entre dos alternativas: la soberan\u00eda separada de los Estados Unidos, entendida como la Libre Asociaci\u00f3n, o la Independencia.<\/p>\n<p>&#8216;Esta medida es el instrumento para resolver la condici\u00f3n territorial y colonial de manera final, permanente y con una alternativa de estatus pol\u00edtico no colonial y no territorial. La consecuci\u00f3n de la descolonizaci\u00f3n inmediata de Puerto Rico es el incuestionable mandato electoral vigente en Puerto Rico a partir del plebiscito del 6 de noviembre de 2012. Es el rechazo a la actual condici\u00f3n territorial y colonial y el reclamo de Igualdad con la Estadidad&#8217;, expres\u00f3 el presidente del Senado y presidente de la Comisi\u00f3n sobre las Relaciones Federales, Pol\u00edticas y Econ\u00f3micas, Thomas Rivera Schatz, en el informe que dio paso a la discusi\u00f3n del proyecto en el pleno senatorial.<\/p>\n<p><a href=\"https:\/\/twitter.com\/trschatz51\">@trschatz51<\/a><\/p>\n<p><a href=\"https:\/\/twitter.com\/hashtag\/PS51?src=hash\">#PS51<\/a><\/p>\n<p><a href=\"https:\/\/t.co\/dsVW4WiHMf\">pic.twitter.com\/dsVW4WiHMf<\/a><br \/>\n \u2014 Senado Puerto Rico (@SenadoPR)<\/p>\n<p><a href=\"https:\/\/twitter.com\/SenadoPR\/status\/824785864672890881\">January 27, 2017<\/a><\/p><div class=\"notic-content-middle\" id=\"notic-2962658642\"><div class=\"notic-adlabel\">Advertisements<\/div><a data-no-instant=\"1\" href=\"https:\/\/www.asegurate-bien.com\/\" rel=\"noopener\" class=\"a2t-link\" target=\"_blank\" aria-label=\"Acodese-Adaptaciones-Noticel-728&#215;90\"><img loading=\"lazy\" decoding=\"async\" src=\"https:\/\/cdn.noticel.com\/2026\/07\/30095222\/Acodese-Adaptaciones-Noticel-728x90-1.jpg\" alt=\"\"  srcset=\"https:\/\/cdn.noticel.com\/2026\/07\/30095222\/Acodese-Adaptaciones-Noticel-728x90-1.jpg 728w, https:\/\/cdn.noticel.com\/2026\/07\/30095222\/Acodese-Adaptaciones-Noticel-728x90-1-300x37.jpg 300w, https:\/\/cdn.noticel.com\/2026\/07\/30095222\/Acodese-Adaptaciones-Noticel-728x90-1-18x2.jpg 18w\" sizes=\"(max-width: 728px) 100vw, 728px\" width=\"728\" height=\"90\"   \/><\/a><\/div>\n<p>&#8216;Estoy convencido que (el Proyecto del Senado 51) tiene todos los elementos que se requieren para que el gobierno federal, particularmente el Departamento de Justicia act\u00fae, porque es consistente con todas las expresiones que ha hecho el propio gobierno federal y consistente con lo que es el derecho internacional, para que de una vez y por todas, Puerto Rico pueda ponerle final a su problema principal que afecta la vida cotidiana de todos los puertorrique\u00f1os, que es el asunto del estatus y en ese sentido yo les solicito que emitan un voto afirmativo en el Proyecto del Senado 51&#8217;, dijo posteriormente el l\u00edder senatorial al presentar la pieza legislativa.<\/p>\n<p>Durante su turno, el senador por el Partido Independentista Puertorrique\u00f1o (PIP) lament\u00f3 que el resultado de la radicaci\u00f3n de la medida se tradujera en reforzar el inmovilismo del Partido Popular Democr\u00e1tico, en momentos en que se ha podido colocar a esa colectividad en una posici\u00f3n en la que tuvieran que actuar sobre el asunto del estatus.<\/p>\n<p>Por su parte, el senador por el Partido Popular Democr\u00e1tico (PPD), Cirilo Tirado, aleg\u00f3 que la mayor\u00eda parlamentaria pretende &#8216;enterrar la independencia y la libre asociaci\u00f3n&#8217;.<\/p>\n<p>En tanto, el senador independiente Jos\u00e9 Vargas Vidot, hizo un llamado a que se le otorgue toda la seriedad que reviste la iniciativa parlamentaria plasmada en el Proyecto del Senado 51, ya que este proyecto va m\u00e1s all\u00e1 de las consideraciones ideol\u00f3gicas extremas. &#8216;Este proyecto debe tomarse con seriedad, porque las ideolog\u00edas demandan poderes y fidelidades irracionales&#8217;, subray\u00f3, al tiempo que agreg\u00f3 que &#8216;es importante que tengamos una reconciliaci\u00f3n con la dignidad&#8217;.<\/p>\n<p>Concluido el debate, el presidente del Senado tom\u00f3 de nuevo la palabra para cerrar la discusi\u00f3n enfatizando que &#8216;algunos han perdido la perspectiva de lo que trata este proyecto. Este proyecto no es un proyecto de estadidad, este es un proyecto para la descolonizaci\u00f3n de Puerto Rico&#8217;. &#8216;Este proyecto no le proh\u00edbe a nadie participar. El que no quiere participar se excluye \u00e9l&#8217;, agreg\u00f3.<\/p>\n<p>Por \u00faltimo, el Presidente del Senado confi\u00f3 en que el proyecto transitar\u00e1 sin problemas el tr\u00e1mite legislativo y que el Gobernador lo convertir\u00e1 en ley, por lo que hizo un llamado directo a los electores.<\/p>\n<p>&#8216;Mi exhortaci\u00f3n es a todos los puertorrique\u00f1os y puertorrique\u00f1as para que salgan a votar, para ponerle fin a la colonia; para que no seamos los primeros cuando recortan y los \u00faltimos cuando distribuyen; para que acabemos con esta situaci\u00f3n de subordinaci\u00f3n indigna&#8217;, concluy\u00f3 Rivera Schatz.<\/p>\n<p>El Proyecto del Senado 51 fue aprobado con 22 votos a favor, incluyendo el del senador independiente Jos\u00e9 Vargas Vidot, siete votos en contra de la delegaci\u00f3n del PPD, adem\u00e1s del rechazo del independentista Juan Dalmau.<\/p>\n<p>Como resultado de los trabajos legislativos, el Alto Cuerpo tambi\u00e9n aprob\u00f3 la Resoluci\u00f3n Concurrente del Senado 1 y las Resoluciones del Senado 23, 26, 30, 67, 60, 63 y 67.<\/p>\n<p>El Senado de Puerto Rico reces\u00f3 sus trabajos hasta el s\u00e1bado, 28 de enero; a la 1:00 de la tarde.<\/p>","protected":false},"excerpt":{"rendered":"<p>El Senado aprob\u00f3 la noche del jueves el Proyecto del Senado 51, medida que crea la Ley para la Descolonizaci\u00f3n Inmediata de Puerto Rico y dispone los mecanismos para la ejecuci\u00f3n de consultas electorales al amparo de la legislaci\u00f3n federal vigente. La pieza legislativa ordena la convocatoria a un plebiscito el domingo, 11 de junio [&hellip;]<\/p>","protected":false},"author":0,"featured_media":325136,"comment_status":"closed","ping_status":"closed","sticky":false,"template":"","format":"standard","meta":{"_acf_changed":false,"_monsterinsights_skip_tracking":false,"ep_exclude_from_search":false,"footnotes":""},"categories":[5,2],"tags":[],"class_list":["post-97021","post","type-post","status-publish","format-standard","has-post-thumbnail","hentry","category-legislatura","category-ultima-hora"],"acf":[],"aioseo_notices":[],"_links":{"self":[{"href":"https:\/\/noticel.com\/en\/wp-json\/wp\/v2\/posts\/97021","targetHints":{"allow":["GET"]}}],"collection":[{"href":"https:\/\/noticel.com\/en\/wp-json\/wp\/v2\/posts"}],"about":[{"href":"https:\/\/noticel.com\/en\/wp-json\/wp\/v2\/types\/post"}],"replies":[{"embeddable":true,"href":"https:\/\/noticel.com\/en\/wp-json\/wp\/v2\/comments?post=97021"}],"version-history":[{"count":1,"href":"https:\/\/noticel.com\/en\/wp-json\/wp\/v2\/posts\/97021\/revisions"}],"predecessor-version":[{"id":325137,"href":"https:\/\/noticel.com\/en\/wp-json\/wp\/v2\/posts\/97021\/revisions\/325137"}],"wp:featuredmedia":[{"embeddable":true,"href":"https:\/\/noticel.com\/en\/wp-json\/wp\/v2\/media\/325136"}],"wp:attachment":[{"href":"https:\/\/noticel.com\/en\/wp-json\/wp\/v2\/media?parent=97021"}],"wp:term":[{"taxonomy":"category","embeddable":true,"href":"https:\/\/noticel.com\/en\/wp-json\/wp\/v2\/categories?post=97021"},{"taxonomy":"post_tag","embeddable":true,"href":"https:\/\/noticel.com\/en\/wp-json\/wp\/v2\/tags?post=97021"}],"curies":[{"name":"wp","href":"https:\/\/api.w.org\/{rel}","templated":true}]}}