{"id":96702,"date":"2015-11-23T17:08:00","date_gmt":"2015-11-23T21:08:00","guid":{"rendered":"http:\/\/www.noticel.com\/la-calle\/20151123\/accidentes-leves-cerca-de-antiguo-oso-blanco-y-tunel-minillas\/"},"modified":"2025-07-15T10:27:04","modified_gmt":"2025-07-15T10:27:04","slug":"accidentes-leves-cerca-de-antiguo-oso-blanco-y-tunel-minillas","status":"publish","type":"post","link":"https:\/\/noticel.com\/en\/noticias\/la-calle\/20151123\/accidentes-leves-cerca-de-antiguo-oso-blanco-y-tunel-minillas\/","title":{"rendered":"Accidentes leves cerca de antiguo Oso Blanco y t\u00fanel Minillas"},"content":{"rendered":"<p>Las autoridades contin\u00faan investigando en la tarde de hoy, lunes, un accidente leve en el expreso Las Americas, \u00e1rea de Oso Blanco, en direcci\u00f3n a Caguas, y otro accidente leve en el expreso Baldorioty De Castro, salida del t\u00fanel Minillas, hacia Carolina.<\/p>\n<p>En el expreso Las Am\u00e9ricas algunos tramos se reportan pesados en ambas direcciones, mientras el Baldorioty de Castro se reporta pesado hacia Carolina.<\/p><div class=\"notic-content-middle\" id=\"notic-843926916\"><div class=\"notic-adlabel\">Advertisements<\/div><a data-no-instant=\"1\" href=\"https:\/\/www.asegurate-bien.com\/\" rel=\"noopener\" class=\"a2t-link\" target=\"_blank\" aria-label=\"Acodese-Adaptaciones-Noticel-970&#215;90\"><img loading=\"lazy\" decoding=\"async\" src=\"https:\/\/cdn.noticel.com\/2026\/07\/30100146\/Acodese-Adaptaciones-Noticel-970x90-1.jpg\" alt=\"\"  srcset=\"https:\/\/cdn.noticel.com\/2026\/07\/30100146\/Acodese-Adaptaciones-Noticel-970x90-1.jpg 970w, https:\/\/cdn.noticel.com\/2026\/07\/30100146\/Acodese-Adaptaciones-Noticel-970x90-1-300x28.jpg 300w, https:\/\/cdn.noticel.com\/2026\/07\/30100146\/Acodese-Adaptaciones-Noticel-970x90-1-768x71.jpg 768w, https:\/\/cdn.noticel.com\/2026\/07\/30100146\/Acodese-Adaptaciones-Noticel-970x90-1-18x2.jpg 18w\" sizes=\"(max-width: 970px) 100vw, 970px\" width=\"970\" height=\"90\"   \/><\/a><\/div>\n<p>Adem\u00e1s, pesadas las carreteras #2, #165, y #167 en Bayam\u00f3n. Igual sucede en el expreso De Diego hacia Toa Baja.<\/p>\n<p>Hacia Caguas, pesado en la autopista Luis A.Ferr\u00e9, \u00e1rea de Montehiedra; semi pesado en la carretera #1, y pesado en la #30 haciaGurabo.<\/p>","protected":false},"excerpt":{"rendered":"<p>Las autoridades contin\u00faan investigando en la tarde de hoy, lunes, un accidente leve en el expreso Las Americas, \u00e1rea de Oso Blanco, en direcci\u00f3n a Caguas, y otro accidente leve en el expreso Baldorioty De Castro, salida del t\u00fanel Minillas, hacia Carolina. En el expreso Las Am\u00e9ricas algunos tramos se reportan pesados en ambas direcciones, [&hellip;]<\/p>","protected":false},"author":0,"featured_media":327262,"comment_status":"closed","ping_status":"closed","sticky":false,"template":"","format":"standard","meta":{"_acf_changed":false,"_monsterinsights_skip_tracking":false,"ep_exclude_from_search":false,"footnotes":""},"categories":[12],"tags":[],"class_list":["post-96702","post","type-post","status-publish","format-standard","has-post-thumbnail","hentry","category-la-calle"],"acf":[],"aioseo_notices":[],"_links":{"self":[{"href":"https:\/\/noticel.com\/en\/wp-json\/wp\/v2\/posts\/96702","targetHints":{"allow":["GET"]}}],"collection":[{"href":"https:\/\/noticel.com\/en\/wp-json\/wp\/v2\/posts"}],"about":[{"href":"https:\/\/noticel.com\/en\/wp-json\/wp\/v2\/types\/post"}],"replies":[{"embeddable":true,"href":"https:\/\/noticel.com\/en\/wp-json\/wp\/v2\/comments?post=96702"}],"version-history":[{"count":1,"href":"https:\/\/noticel.com\/en\/wp-json\/wp\/v2\/posts\/96702\/revisions"}],"predecessor-version":[{"id":327264,"href":"https:\/\/noticel.com\/en\/wp-json\/wp\/v2\/posts\/96702\/revisions\/327264"}],"wp:featuredmedia":[{"embeddable":true,"href":"https:\/\/noticel.com\/en\/wp-json\/wp\/v2\/media\/327262"}],"wp:attachment":[{"href":"https:\/\/noticel.com\/en\/wp-json\/wp\/v2\/media?parent=96702"}],"wp:term":[{"taxonomy":"category","embeddable":true,"href":"https:\/\/noticel.com\/en\/wp-json\/wp\/v2\/categories?post=96702"},{"taxonomy":"post_tag","embeddable":true,"href":"https:\/\/noticel.com\/en\/wp-json\/wp\/v2\/tags?post=96702"}],"curies":[{"name":"wp","href":"https:\/\/api.w.org\/{rel}","templated":true}]}}