{"id":956721,"date":"2025-10-22T07:08:03","date_gmt":"2025-10-22T11:08:03","guid":{"rendered":"https:\/\/noticel.com\/?p=956721"},"modified":"2025-10-22T07:20:34","modified_gmt":"2025-10-22T11:20:34","slug":"senado-evaluara-hoy-la-controversial-medida-de-la-parguera","status":"publish","type":"post","link":"https:\/\/noticel.com\/en\/noticias\/legislatura\/20251022\/senado-evaluara-hoy-la-controversial-medida-de-la-parguera\/","title":{"rendered":"Senado evaluar\u00e1 hoy la controversial medida de La Parguera"},"content":{"rendered":"<p>El tema de La Parguera regresa al hemiciclo del Capitolio, para evaluar la controversial medida&nbsp;que regular el uso y operaci\u00f3n de residencias, muelles y estructuras ubicadas en el litoral costero de dominio p\u00fablico en esa zona costera del municipio de Lajas.<\/p>\n\n\n\n<p>Es hoy, mi\u00e9rcoles, que se efectuar\u00e1 la primera vista p\u00fablica sobre el <strong>Proyecto del Senado 272<\/strong>, el equivalente al <strong>Proyecto de la C\u00e1mara 269<\/strong> que ya fue avalado a finales del mes de junio por la C\u00e1mara de Representantes.<\/p>\n\n\n\n<p>Este proyecto de ley, que tambi\u00e9n lleg\u00f3 bajo la encomienda administrativa de la gobernadora Jenniffer Gonz\u00e1lez Col\u00f3n,\u00a0busca requerir un canon anual por el uso de los terrenos p\u00fablicos y de agua que se est\u00e9n ocupando a partir de la vigencia de esta ley.\u00a0<\/p>\n\n\n\n<p>Todos los c\u00e1nones estar\u00edan sujetos por el uso de la superficie por un t\u00e9rmino de 40 a\u00f1os y con la apertura de una renovaci\u00f3n al culminar el periodo de a\u00f1os establecidos.&nbsp;<\/p>\n\n\n\n<p>Adem\u00e1s, los c\u00e1nones permitidos a cobrar estar\u00edan entre el 5% y un 10% mayor a los establecidos por el Departamento de Recursos Naturales y Ambientales (DRNA) a las marinas y muelles en Ia Isla. La agencia deber\u00e1 usar por lo menos el 50% de los ingresos que se obtengan del cobro de c\u00e1nones en el mantenimiento y desarrollo de La Parguera y la zona costera del suroeste de Puerto Rico.<\/p>\n\n\n\n<p>El proyecto establece que si la ocupaci\u00f3n de los muelles y estructuras no cumplen con el control y prevenci\u00f3n de contaminaci\u00f3n, el DRNA podr\u00eda prohibir el uso de la estructura y requerir la remoci\u00f3n del litoral costero.<\/p>\n\n\n\n<p>En cambio, se prohibir\u00eda nuevas obras de construcci\u00f3n fuera de la huella de ocupaci\u00f3n de la estructura. As\u00ed como no se permitir\u00eda reconstruir la estructura ya establecida si es destruida total o parcialmente. De igual modo, se prohibir\u00edan modificaciones. <\/p>\n\n\n\n<p>La controversial medida que ha sido eje de protagonismo&nbsp;desde la controversia que vincula a la gobernadora debido a que sus suegros ten\u00edan un caso que fue archivado por el actual secretario del DRNA, Waldemar Quiles, por la construcci\u00f3n ilegal y da\u00f1os ambientales en La Parguera, ser\u00e1 evaluada a las 9:30 de la ma\u00f1ana.&nbsp;<\/p><div class=\"notic-content-middle\" id=\"notic-1789234106\"><div class=\"notic-adlabel\">Advertisements<\/div><a data-no-instant=\"1\" href=\"http:\/\/jackpotdelencantopr.com\" rel=\"noopener\" class=\"a2t-link\" target=\"_blank\" aria-label=\"JP-Monopoly-Launch-Noticel-300&#215;250\"><img loading=\"lazy\" decoding=\"async\" src=\"https:\/\/cdn.noticel.com\/2026\/07\/15122022\/JP-Monopoly-Launch-Noticel-300x250-1.jpg\" alt=\"\"  srcset=\"https:\/\/cdn.noticel.com\/2026\/07\/15122022\/JP-Monopoly-Launch-Noticel-300x250-1.jpg 300w, https:\/\/cdn.noticel.com\/2026\/07\/15122022\/JP-Monopoly-Launch-Noticel-300x250-1-14x12.jpg 14w\" sizes=\"(max-width: 300px) 100vw, 300px\" width=\"300\" height=\"250\"   \/><\/a><\/div>\n\n\n\n<p>Otra medida legislativa que tambi\u00e9n ser\u00e1 evaluada en la misma audiencia p\u00fablica es el <strong>Proyecto del Senado 697<\/strong>, para&nbsp;crear la \u201cLey para el Deslinde Nacional del archipi\u00e9lago de Puerto Rico\u201d para as\u00ed establecer el deslinde cient\u00edfico, t\u00e9cnico y jur\u00eddicamente obligatorio de los bienes de dominio p\u00fablico mar\u00edtimo-terrestre (BDPMT).&nbsp;<\/p>\n\n\n\n<p>Este proyecto es muy esperado por muchos defensores ambientales, principalmente por los problemas de ocupaci\u00f3n ilegal que se han visto en la Isla a los bienes de dominio p\u00fablico. Con esta medida, se busca delimitar el dominio p\u00fablico e inhibir las privatizaciones.<\/p>\n\n\n\n<p>La medida, que fue presentada por el senador independiente Eliezer Molina y la popular Ada \u00c1lvarez Conde, fue radicada el pasado 20 de agosto y seg\u00fan su exposici\u00f3n de motivos, \u201cla falta de un deslinde nacional, uniforme y vinculante del litoral costanero de Puerto Rico constituye un serio problema de gobernanza con impactos directos en la protecci\u00f3n del inter\u00e9s p\u00fablico, la certeza jur\u00eddica y la asignaci\u00f3n y ejecuci\u00f3n eficiente de fondos federales de recuperaci\u00f3n y mitigaci\u00f3n\u201d.<\/p>\n\n\n\n<p>\u201cLa ausencia de un deslinde nacional uniforme y vinculante ha provocado una creciente incidencia de conflictos, ocupaciones ilegales, construcciones en zonas de alto riesgo y una p\u00e9rdida progresiva de recursos costeros cr\u00edticos \u2014como mangles, dunas y humedales\u2014entre otros elementos de los ecosistemas costeros de Puerto Rico\u201d, reza el proyecto.<\/p>\n\n\n\n<p>La Oficina de Gerencia de Permisos; (OGP) Departamento de Desarrollo Econ\u00f3mico y Comercio (DDEC); Junta de Planificaci\u00f3n; DRNA, Centro de Recaudaci\u00f3n de Ingresos Municipales (CRIM); Compa\u00f1\u00eda de Turismo; y el Colegio de Ingenieros y Agrimensores, est\u00e1n citados a comparecer ante la comisi\u00f3n.&nbsp;<\/p>\n\n\n\n<p>Molina utiliz\u00f3 sus redes sociales para anunciar esta vista p\u00fablica que promete ser controversial.<\/p>\n\n\n\n<p>\u201cYa tenemos fecha (de la vista p\u00fablica) para el deslinde nacional, para que no se roben m\u00e1s todas las playas de Puerto Rico y el mismo d\u00eda, vamos a coger el proyecto que la gobernadora envi\u00f3 para querer robarse La Parguera\u2026 Nosotros estamos listos\u201d, anunci\u00f3 Molina.&nbsp;<\/p>\n\n\n\n<figure class=\"wp-block-embed is-type-wp-embed is-provider-noticel-la-verdad-como-es-noticias-de-puerto-rico-noticel wp-block-embed-noticel-la-verdad-como-es-noticias-de-puerto-rico-noticel\"><div class=\"wp-block-embed__wrapper\">\n<blockquote class=\"wp-embedded-content\" data-secret=\"DWsaAlZCm4\"><a href=\"https:\/\/noticel.com\/en\/ultima-hora\/20250623\/camara-autoriza-la-permanencia-de-casetas-en-la-parguera\/\">C\u00e1mara autoriza la permanencia de casetas en La Parguera<\/a><\/blockquote><iframe loading=\"lazy\" class=\"wp-embedded-content\" sandbox=\"allow-scripts\" security=\"restricted\" style=\"position: absolute; visibility: hidden;\" title=\"&#8220;C\u00e1mara autoriza la permanencia de casetas en La Parguera&#8221; &#8212; NotiCel - La verdad como es - Noticias de Puerto Rico - NOTICEL\" src=\"https:\/\/noticel.com\/ultima-hora\/20250623\/camara-autoriza-la-permanencia-de-casetas-en-la-parguera\/embed\/#?secret=6y9kYsJaUM#?secret=DWsaAlZCm4\" data-secret=\"DWsaAlZCm4\" width=\"500\" height=\"282\" frameborder=\"0\" marginwidth=\"0\" marginheight=\"0\" scrolling=\"no\"><\/iframe>\n<\/div><\/figure>","protected":false},"excerpt":{"rendered":"<p>Archivo\/NotiCel<\/p>","protected":false},"author":117,"featured_media":956722,"comment_status":"open","ping_status":"open","sticky":false,"template":"","format":"standard","meta":{"_acf_changed":false,"_monsterinsights_skip_tracking":false,"ep_exclude_from_search":false,"footnotes":""},"categories":[5],"tags":[710,175,1124,1125,263],"class_list":["post-956721","post","type-post","status-publish","format-standard","has-post-thumbnail","hentry","category-legislatura","tag-deslinde","tag-drna","tag-la-parguera","tag-lajas","tag-senado"],"acf":[],"aioseo_notices":[],"_links":{"self":[{"href":"https:\/\/noticel.com\/en\/wp-json\/wp\/v2\/posts\/956721","targetHints":{"allow":["GET"]}}],"collection":[{"href":"https:\/\/noticel.com\/en\/wp-json\/wp\/v2\/posts"}],"about":[{"href":"https:\/\/noticel.com\/en\/wp-json\/wp\/v2\/types\/post"}],"author":[{"embeddable":true,"href":"https:\/\/noticel.com\/en\/wp-json\/wp\/v2\/users\/117"}],"replies":[{"embeddable":true,"href":"https:\/\/noticel.com\/en\/wp-json\/wp\/v2\/comments?post=956721"}],"version-history":[{"count":3,"href":"https:\/\/noticel.com\/en\/wp-json\/wp\/v2\/posts\/956721\/revisions"}],"predecessor-version":[{"id":956792,"href":"https:\/\/noticel.com\/en\/wp-json\/wp\/v2\/posts\/956721\/revisions\/956792"}],"wp:featuredmedia":[{"embeddable":true,"href":"https:\/\/noticel.com\/en\/wp-json\/wp\/v2\/media\/956722"}],"wp:attachment":[{"href":"https:\/\/noticel.com\/en\/wp-json\/wp\/v2\/media?parent=956721"}],"wp:term":[{"taxonomy":"category","embeddable":true,"href":"https:\/\/noticel.com\/en\/wp-json\/wp\/v2\/categories?post=956721"},{"taxonomy":"post_tag","embeddable":true,"href":"https:\/\/noticel.com\/en\/wp-json\/wp\/v2\/tags?post=956721"}],"curies":[{"name":"wp","href":"https:\/\/api.w.org\/{rel}","templated":true}]}}