{"id":95595,"date":"2011-02-14T17:24:00","date_gmt":"2011-02-14T21:24:00","guid":{"rendered":"http:\/\/www.noticel.com\/ahora\/20110214\/excarcelado-el-presidente-de-los-abogados\/"},"modified":"2025-07-15T12:06:06","modified_gmt":"2025-07-15T12:06:06","slug":"excarcelado-el-presidente-de-los-abogados","status":"publish","type":"post","link":"https:\/\/noticel.com\/en\/ultima-hora\/20110214\/excarcelado-el-presidente-de-los-abogados\/","title":{"rendered":"Excarcelado el Presidente de los Abogados"},"content":{"rendered":"<p>El presidente del Colegio de Abogados, Osvaldo Toledo, sali\u00f3 de la c\u00e1rcel federal esta tarde despu\u00e9s de que su esposa Ramonita Garc\u00eda pagara la multa de $10,000 que le impuso el Tribunal Federal por violar la orden de mordaza en el caso del seguro de vida de la instituci\u00f3n. (Actualizaci\u00f3n)<\/p>\n<p>Su salida responde a una condici\u00f3n preexistente de salud que no fue precisada y empeor\u00f3 en la c\u00e1rcel, y los dineros surgieron de fondos recogidos por seguidores que fueron entregados a Garc\u00eda, no de los fondos del Colegio, seg\u00fan dijo a NotiCel la presidenta interina Ana Irma Rivera Lassen.<\/p>\n<p>&#8216;El presidente espec\u00edficamente dijo que no quer\u00eda que se pagara con fondos del Colegio&#8217;, apunt\u00f3.<\/p>\n<p>El l\u00edder de los letrados se dirige de la c\u00e1rcel directo a un hospital, que tampoco fue precisado por el momento para agilizar su llegada, en donde le espera su m\u00e9dico de cabecera para darle atenci\u00f3n, agreg\u00f3 Rivera Lassen. La abogada le esperaba al interior de la c\u00e1rcel al momento de su salida.<\/p>\n<p>El jueves Toledo hab\u00eda sido arrestado en la sede del Tribunal Federal en Puerto Rico en la avenida Chard\u00f3n despu\u00e9s de que el abogado llegara al lugar a declarar que no pagar\u00eda la citada multa y a entregarse a las autoridades. El juez Jos\u00e9 A. Fust\u00e9 hab\u00eda advertido una orden la semana pasada que si el letrado no pagaba la multa ese d\u00eda antes de las 5:00 pm lo mandar\u00eda a arrestar. Esta tarde Rivera inform\u00f3 sorpresivamente el cambio de determinaci\u00f3n por los citados quebrantos de salud.<\/p><div class=\"notic-content-middle\" id=\"notic-1631127723\"><div class=\"notic-adlabel\">Advertisements<\/div><a data-no-instant=\"1\" href=\"https:\/\/www.asegurate-bien.com\/\" rel=\"noopener\" class=\"a2t-link\" target=\"_blank\" aria-label=\"Acodese-Adaptaciones-Noticel-300&#215;250\"><img loading=\"lazy\" decoding=\"async\" src=\"https:\/\/cdn.noticel.com\/2026\/05\/30094423\/Acodese-Adaptaciones-Noticel-300x250-1.jpg\" alt=\"\"  srcset=\"https:\/\/cdn.noticel.com\/2026\/05\/30094423\/Acodese-Adaptaciones-Noticel-300x250-1.jpg 300w, https:\/\/cdn.noticel.com\/2026\/05\/30094423\/Acodese-Adaptaciones-Noticel-300x250-1-14x12.jpg 14w\" sizes=\"(max-width: 300px) 100vw, 300px\" width=\"300\" height=\"250\"   \/><\/a><\/div>\n<p>La encarcelaci\u00f3n es una secuela de la controversia que gira en torno del pleito de clase Herbert Brown versus Colegio de Abogados, por la que el organismo tiene que pagar $4.1 millones en cuotas cobradas ilegalmente a sus miembros por concepto del seguro de vida que ofrece la instituci\u00f3n.<\/p>\n<p>La sentencia federal que obliga el recobro ha puesto en jaque las finanzas de la centenaria entidad y ha generado un movimiento de abogados que promueven la desafiliaci\u00f3n del pleito, primero a trav\u00e9s de una p\u00e1gina de internet que fue mandada a dar de baja por Fust\u00e9, y al presente por una nueva p\u00e1gina, www.yonosoyde ESAclase.com. Fust\u00e9 emiti\u00f3 una orden de mordaza en el pleito que fue violada por Toledo, raz\u00f3n por la cual posteriormente le impuso la multa. El grupo y el propio Toledo han denunciado que la sentencia es parte de la estrategia estadista de destruir al Colegio de Abogados.<\/p>\n<p>Desde el viernes el Partido Popular Democr\u00e1tico promueve el que todos sus miembros-abogados tambi\u00e9n se desafilien y el domingo su presidente, H\u00e9ctor Ferrer, anunci\u00f3 que todos los legisladores de la colectividad que son letrados hab\u00edan llenado los formularios para ser excluidos.<\/p>\n<p>Al momento se desconoce cu\u00e1ntos abogados han acudido al llamado de pedir la salida del pleito de clase con el fin de salvar las finanzas y evitar la ejecuci\u00f3n de la sede del Colegio en Miramar. La direcci\u00f3n del Colegio est\u00e1 impedida de hablar sobre el tema por la orden de mordaza y al parecer quien \u00fanico maneja la informaci\u00f3n de la cantidad de formularios que se han recibido es el administrador del pleito nombrado por el propio Tribunal. NotiCel realiza gestiones para intentar obtener la informaci\u00f3n.<\/p>","protected":false},"excerpt":{"rendered":"<p>El presidente del Colegio de Abogados, Osvaldo Toledo, sali\u00f3 de la c\u00e1rcel federal esta tarde despu\u00e9s de que su esposa Ramonita Garc\u00eda pagara la multa de $10,000 que le impuso el Tribunal Federal por violar la orden de mordaza en el caso del seguro de vida de la instituci\u00f3n. (Actualizaci\u00f3n) Su salida responde a una [&hellip;]<\/p>","protected":false},"author":0,"featured_media":334464,"comment_status":"closed","ping_status":"closed","sticky":false,"template":"","format":"standard","meta":{"_acf_changed":false,"_monsterinsights_skip_tracking":false,"ep_exclude_from_search":false,"footnotes":""},"categories":[2],"tags":[],"class_list":["post-95595","post","type-post","status-publish","format-standard","has-post-thumbnail","hentry","category-ultima-hora"],"acf":[],"aioseo_notices":[],"_links":{"self":[{"href":"https:\/\/noticel.com\/en\/wp-json\/wp\/v2\/posts\/95595","targetHints":{"allow":["GET"]}}],"collection":[{"href":"https:\/\/noticel.com\/en\/wp-json\/wp\/v2\/posts"}],"about":[{"href":"https:\/\/noticel.com\/en\/wp-json\/wp\/v2\/types\/post"}],"replies":[{"embeddable":true,"href":"https:\/\/noticel.com\/en\/wp-json\/wp\/v2\/comments?post=95595"}],"version-history":[{"count":1,"href":"https:\/\/noticel.com\/en\/wp-json\/wp\/v2\/posts\/95595\/revisions"}],"predecessor-version":[{"id":334465,"href":"https:\/\/noticel.com\/en\/wp-json\/wp\/v2\/posts\/95595\/revisions\/334465"}],"wp:featuredmedia":[{"embeddable":true,"href":"https:\/\/noticel.com\/en\/wp-json\/wp\/v2\/media\/334464"}],"wp:attachment":[{"href":"https:\/\/noticel.com\/en\/wp-json\/wp\/v2\/media?parent=95595"}],"wp:term":[{"taxonomy":"category","embeddable":true,"href":"https:\/\/noticel.com\/en\/wp-json\/wp\/v2\/categories?post=95595"},{"taxonomy":"post_tag","embeddable":true,"href":"https:\/\/noticel.com\/en\/wp-json\/wp\/v2\/tags?post=95595"}],"curies":[{"name":"wp","href":"https:\/\/api.w.org\/{rel}","templated":true}]}}