{"id":946079,"date":"2025-09-12T06:49:38","date_gmt":"2025-09-12T10:49:38","guid":{"rendered":"https:\/\/noticel.com\/?p=946079"},"modified":"2025-09-12T06:58:21","modified_gmt":"2025-09-12T10:58:21","slug":"se-espera-otro-dia-con-calor-y-lluvia-por-la-tarde","status":"publish","type":"post","link":"https:\/\/noticel.com\/en\/el-tiempo\/20250912\/se-espera-otro-dia-con-calor-y-lluvia-por-la-tarde\/","title":{"rendered":"Se espera otro d\u00eda con calor y lluvia por la tarde"},"content":{"rendered":"<p>Se ha emitido una advertencia de calor desde las 10:00 de la ma\u00f1ana hasta las 4:00 de la tarde para las zonas urbanas y costeras de Puerto Rico, Vieques, Culebra y todas las Islas V\u00edrgenes, inform\u00f3 el Servicio Nacional de Meteorolog\u00eda.<\/p>\n\n\n\n<p>En Puerto Rico, especialmente en el centro de la isla y hacia el oeste, se espera que llueva en la tarde acompa\u00f1ado de tronadas, debido a la humedad que hay en el ambiente y al calor que se acumula durante el d\u00eda. Las lluvias m\u00e1s fuertes podr\u00edan provocar inundaciones en \u00e1reas urbanas, r\u00edos peque\u00f1os y quebradas. Tambi\u00e9n hay riesgo de rayos y r\u00e1fagas de viento fuertes en las tormentas m\u00e1s intensas.<\/p>\n\n\n\n<p>El polvo del Sahara sigue presente y provoca cielos brumosos y visibilidad reducida. El riesgo de corrientes marinas es bajo en todas las playas.<\/p>\n\n\n\n<p>Esta noche se espera un cielo parcialmente nublado con algunas lluvias aisladas, y temperaturas m\u00ednimas cerca de los 80 grados Fahrenheit. El s\u00e1bado ser\u00e1 similar al viernes: por la ma\u00f1ana el tiempo estar\u00e1 parcialmente nublado con lluvias dispersas, pero en la tarde se espera cielo mayormente nublado con m\u00e1s lluvias y tronadas. Las temperaturas seguir\u00e1n altas, cerca de los 93 grados. El viento seguir\u00e1 soplando del este entre 10 y 15 millas por hora.<\/p>","protected":false},"excerpt":{"rendered":"<p>Se ha emitido una advertencia de calor desde las 10:00 de la ma\u00f1ana hasta las 4:00 de la tarde para las zonas urbanas y costeras de Puerto Rico, Vieques, Culebra y todas las Islas V\u00edrgenes, inform\u00f3 el Servicio Nacional de Meteorolog\u00eda. En Puerto Rico, especialmente en el centro de la isla y hacia el oeste, [&hellip;]<\/p>","protected":false},"author":101,"featured_media":946082,"comment_status":"open","ping_status":"open","sticky":false,"template":"","format":"standard","meta":{"_acf_changed":false,"_monsterinsights_skip_tracking":false,"ep_exclude_from_search":false,"footnotes":""},"categories":[18],"tags":[728,163,605,522,523],"class_list":["post-946079","post","type-post","status-publish","format-standard","has-post-thumbnail","hentry","category-el-tiempo","tag-advertencia-de-calor","tag-lluvias","tag-polvo-del-sahara","tag-temperatura","tag-vientos"],"acf":[],"aioseo_notices":[],"_links":{"self":[{"href":"https:\/\/noticel.com\/en\/wp-json\/wp\/v2\/posts\/946079","targetHints":{"allow":["GET"]}}],"collection":[{"href":"https:\/\/noticel.com\/en\/wp-json\/wp\/v2\/posts"}],"about":[{"href":"https:\/\/noticel.com\/en\/wp-json\/wp\/v2\/types\/post"}],"author":[{"embeddable":true,"href":"https:\/\/noticel.com\/en\/wp-json\/wp\/v2\/users\/101"}],"replies":[{"embeddable":true,"href":"https:\/\/noticel.com\/en\/wp-json\/wp\/v2\/comments?post=946079"}],"version-history":[{"count":2,"href":"https:\/\/noticel.com\/en\/wp-json\/wp\/v2\/posts\/946079\/revisions"}],"predecessor-version":[{"id":946083,"href":"https:\/\/noticel.com\/en\/wp-json\/wp\/v2\/posts\/946079\/revisions\/946083"}],"wp:featuredmedia":[{"embeddable":true,"href":"https:\/\/noticel.com\/en\/wp-json\/wp\/v2\/media\/946082"}],"wp:attachment":[{"href":"https:\/\/noticel.com\/en\/wp-json\/wp\/v2\/media?parent=946079"}],"wp:term":[{"taxonomy":"category","embeddable":true,"href":"https:\/\/noticel.com\/en\/wp-json\/wp\/v2\/categories?post=946079"},{"taxonomy":"post_tag","embeddable":true,"href":"https:\/\/noticel.com\/en\/wp-json\/wp\/v2\/tags?post=946079"}],"curies":[{"name":"wp","href":"https:\/\/api.w.org\/{rel}","templated":true}]}}