{"id":94059,"date":"2018-07-28T22:03:34","date_gmt":"2018-07-29T02:03:34","guid":{"rendered":"http:\/\/www.noticel.com\/deportes\/top-stories\/20180728\/puerto-rico-se-queda-con-el-primer-oro-en-el-baloncesto-3-x-3\/"},"modified":"2025-07-15T13:59:04","modified_gmt":"2025-07-15T13:59:04","slug":"puerto-rico-se-queda-con-el-primer-oro-en-el-baloncesto-3-x-3","status":"publish","type":"post","link":"https:\/\/noticel.com\/en\/deportes\/20180728\/puerto-rico-se-queda-con-el-primer-oro-en-el-baloncesto-3-x-3\/","title":{"rendered":"Puerto Rico se queda con el primer oro en el baloncesto 3 x 3"},"content":{"rendered":"<p><i>En los Juegos Centroamericanos y del Caribe<\/i><\/p>\n<p>Puerto Rico se alza con la medalla de oro en el baloncesto 3 x 3 de los Juegos Centroamericanos y del Caribe, primera vez que se juega esta modalidad en la competencia internacional.<\/p>\n<p>Los puertorrique\u00f1os vencieron al equipo de Rep\u00fablica Dominicana 21 a 18 bajo la direcci\u00f3n de Pedro Gonz\u00e1lez.<\/p>\n<p>{&#8216;author_name&#8217;:&#8217;NotiCel&#8217;,&#8217;author_url&#8217;:&#8217;https:\/\/www.facebook.com\/noticelpr\/&#8217;,&#8217;provider_url&#8217;:&#8217;https:\/\/www.facebook.com&#8217;,&#8217;provider_name&#8217;:&#8217;Facebook&#8217;,&#8217;success&#8217;:true,&#8217;height&#8217;:281,&#8217;html&#8217;:&#8217;lt;div id=&#8217;fb-root&#8217;gt;lt;\/divgt;nlt;scriptgt;(function(d, s, id) {n var js, fjs = d.getElementsByTagName(s)[0];n if (d.getElementById(id)) return;n js = d.createElement(s); js.id = id;n js.src = &#8216;https:\/\/connect.facebook.net\/es_LA\/sdk.js#xfbml=1&amp;version=v3.1&#8217;;n fjs.parentNode.insertBefore(js, fjs);n}(document, &#8216;script&#8217;, &#8216;facebook-jssdk&#8217;));lt;\/scriptgt;lt;div class=&#8217;fb-video&#8217; data-href=&#8217;https:\/\/www.facebook.com\/noticelpr\/videos\/2325286477489419\/&#8217;gt;lt;blockquote cite=&#8217;https:\/\/www.facebook.com\/noticelpr\/videos\/2325286477489419\/&#8217; class=&#8217;fb-xfbml-parse-ignore&#8217;gt;lt;a href=&#8217;https:\/\/www.facebook.com\/noticelpr\/videos\/2325286477489419\/&#8217;gt;lt;\/agt;lt;pgt;[AHORA] Historia. Puerto Rico recibe la medalla de oro en la modalidad de baloncesto 3&#215;3. Detalles en NotiCel.com.nnPresentado por Honda de Puerto Ricolt;\/pgt;Publicado por lt;a href=&#8217;https:\/\/www.facebook.com\/noticelpr\/&#8217;gt;NotiCellt;\/agt; en S\u00e1bado, 28 de julio de 2018lt;\/blockquotegt;lt;\/divgt;&#8217;,&#8217;type&#8217;:&#8217;video&#8217;,&#8217;version&#8217;:&#8217;1.0&#8242;,&#8217;url&#8217;:&#8217;https:\/\/www.facebook.com\/noticelpr\/videos\/2325286477489419\/&#8217;,&#8217;width&#8217;:500}<\/p>\n<p>&#8216;Cuando hay coraz\u00f3n y las cosas se quieren de verdad ho hay obst\u00e1culo que pare. Estoy muy orgulloso de mi equipo y de la fanaticada de aqu\u00ed. Espero que esto siga creciendo porque esto va a ser el futuro del baloncesto. No estoy diciendo que los 12, normal, no es nada pero esto es otra parte del baloncesto multifacetica&#8217;, expres\u00f3 Gilberto Clavell tras celebrar el triunfo.<\/p><div class=\"notic-content-middle\" id=\"notic-3133222746\"><div class=\"notic-adlabel\">Advertisements<\/div><a data-no-instant=\"1\" href=\"https:\/\/www.cst.pr.gov\/\" rel=\"noopener\" class=\"a2t-link\" target=\"_blank\" aria-label=\"300&#215;600\"><img loading=\"lazy\" decoding=\"async\" src=\"https:\/\/cdn.noticel.com\/2026\/09\/02203205\/300x600-1.jpg\" alt=\"\"  srcset=\"https:\/\/cdn.noticel.com\/2026\/09\/02203205\/300x600-1.jpg 300w, https:\/\/cdn.noticel.com\/2026\/09\/02203205\/300x600-1-150x300.jpg 150w, https:\/\/cdn.noticel.com\/2026\/09\/02203205\/300x600-1-6x12.jpg 6w\" sizes=\"(max-width: 300px) 100vw, 300px\" width=\"300\" height=\"600\"   \/><\/a><\/div>\n<p>{&#8216;author_name&#8217;:&#8217;NotiCel&#8217;,&#8217;author_url&#8217;:&#8217;https:\/\/www.facebook.com\/noticelpr\/&#8217;,&#8217;provider_url&#8217;:&#8217;https:\/\/www.facebook.com&#8217;,&#8217;provider_name&#8217;:&#8217;Facebook&#8217;,&#8217;success&#8217;:true,&#8217;height&#8217;:500,&#8217;html&#8217;:&#8217;lt;div id=&#8217;fb-root&#8217;gt;lt;\/divgt;nlt;scriptgt;(function(d, s, id) {n var js, fjs = d.getElementsByTagName(s)[0];n if (d.getElementById(id)) return;n js = d.createElement(s); js.id = id;n js.src = &#8216;https:\/\/connect.facebook.net\/es_LA\/sdk.js#xfbml=1&amp;version=v3.1&#8217;;n fjs.parentNode.insertBefore(js, fjs);n}(document, &#8216;script&#8217;, &#8216;facebook-jssdk&#8217;));lt;\/scriptgt;lt;div class=&#8217;fb-video&#8217; data-href=&#8217;https:\/\/www.facebook.com\/noticelpr\/videos\/2325279327490134\/&#8217;gt;lt;blockquote cite=&#8217;https:\/\/www.facebook.com\/noticelpr\/videos\/2325279327490134\/&#8217; class=&#8217;fb-xfbml-parse-ignore&#8217;gt;lt;a href=&#8217;https:\/\/www.facebook.com\/noticelpr\/videos\/2325279327490134\/&#8217;gt;lt;\/agt;lt;pgt;\u00a1ORO ORO! Las primeras palabras de Gilberto Clavell miembro del 3&#215;3 de #EquipoPUR que acaba de ganar medalla de oro en #Barranquilla2018 | \u00a1celebralo boricua!nnPresentado por Honda de Puerto Ricolt;\/pgt;Publicado por lt;a href=&#8217;https:\/\/www.facebook.com\/noticelpr\/&#8217;gt;NotiCellt;\/agt; en S\u00e1bado, 28 de julio de 2018lt;\/blockquotegt;lt;\/divgt;&#8217;,&#8217;type&#8217;:&#8217;video&#8217;,&#8217;version&#8217;:&#8217;1.0&#8242;,&#8217;url&#8217;:&#8217;https:\/\/www.facebook.com\/noticelpr\/videos\/2325279327490134\/&#8217;,&#8217;width&#8217;:500}<\/p>\n<p>La presea dorada en el cuello de cada uno de los cuatro integrantes significa el final feliz de un sue\u00f1o que comenz\u00f3 con una pesadilla, que tampoco comenz\u00f3 en la cancha. Todo ocurri\u00f3 en Miami, donde hac\u00edan la escala para llegar hasta Barranquilla la noche antes de iniciar el evento.<\/p>\n<p>Cancelaciones de vuelo impidieron que Puerto Rico llegara a cancha para su primer compromiso y que eventualmente fue confiscado a favor de El Salvador. Esa fue su primera y \u00fanica derrota del torneo y ni tan si quiera la lucharon.<\/p>\n<p>De ah\u00ed en adelante, el camino se empin\u00f3. Para el viernes tuvieron que enfrentar a Venezuela (21-7), San Vicente y Granadinas (21-16) y Mexico (21-7). Hoy, si desean conquistar el oro deb\u00eda ser de la misma forma. Derrotaron a Rep\u00fablica Dominicana y Mexico con marcadores de 21-10, y a Dominicana una vez en la final remontando hist\u00f3ricamente 21-18.<\/p>\n<p>{&#8216;url&#8217;:&#8217;https:\/\/twitter.com\/ComiteOlimpico\/status\/1023394001251172357&#8242;,&#8217;author_name&#8217;:&#8217;Comite Ol\u00edmpico PUR&#8217;,&#8217;author_url&#8217;:&#8217;https:\/\/twitter.com\/ComiteOlimpico&#8217;,&#8217;html&#8217;:&#8217;lt;blockquote class=&#8217;twitter-tweet&#8217;gt;lt;p lang=&#8217;es&#8217; dir=&#8217;ltr&#8217;gt; \u00a1CAMPEONES CENTROAMERICANOS!  lt;brgt;lt;brgt;El lt;a href=&#8217;https:\/\/twitter.com\/3x3PUR?ref_src=twsrc%5Etfw&#8217;gt;@3x3PURlt;\/agt; masculino conquist\u00f3 la medalla de oro  luego de vencer a Rep\u00fablica Dominicana  21-18 en lt;a href=&#8217;https:\/\/twitter.com\/Bquilla2018?ref_src=twsrc%5Etfw&#8217;gt;@Bquilla2018lt;\/agt; lt;brgt;lt;brgt;\u00a1ESOOOO BORICUA!  lt;a href=&#8217;https:\/\/twitter.com\/hashtag\/PURLosNuestros?src=hash&amp;ref_src=twsrc%5Etfw&#8217;gt;#PURLosNuestroslt;\/agt; lt;a href=&#8217;https:\/\/t.co\/BAduVuQ4Te&#8217;gt;pic.twitter.com\/BAduVuQ4Telt;\/agt;lt;\/pgt;&#8211; Comite Ol\u00edmpico PUR (@ComiteOlimpico) lt;a href=&#8217;https:\/\/twitter.com\/ComiteOlimpico\/status\/1023394001251172357?ref_src=twsrc%5Etfw&#8217;gt;July 29, 2018lt;\/agt;lt;\/blockquotegt;nlt;script async src=&#8217;https:\/\/platform.twitter.com\/widgets.js&#8217; charset=&#8217;utf-8&#8217;gt;lt;\/scriptgt;n&#8217;,&#8217;width&#8217;:550,&#8217;height&#8217;:null,&#8217;type&#8217;:&#8217;rich&#8217;,&#8217;cache_age&#8217;:&#8217;3153600000&#8242;,&#8217;provider_name&#8217;:&#8217;Twitter&#8217;,&#8217;provider_url&#8217;:&#8217;https:\/\/twitter.com&#8217;,&#8217;version&#8217;:&#8217;1.0&#8242;}<\/p>","protected":false},"excerpt":{"rendered":"<p>En los Juegos Centroamericanos y del Caribe Puerto Rico se alza con la medalla de oro en el baloncesto 3 x 3 de los Juegos Centroamericanos y del Caribe, primera vez que se juega esta modalidad en la competencia internacional. Los puertorrique\u00f1os vencieron al equipo de Rep\u00fablica Dominicana 21 a 18 bajo la direcci\u00f3n de [&hellip;]<\/p>","protected":false},"author":0,"featured_media":343534,"comment_status":"closed","ping_status":"closed","sticky":false,"template":"","format":"standard","meta":{"_acf_changed":false,"_monsterinsights_skip_tracking":false,"ep_exclude_from_search":false,"footnotes":""},"categories":[31],"tags":[],"class_list":["post-94059","post","type-post","status-publish","format-standard","has-post-thumbnail","hentry","category-deportes"],"acf":[],"aioseo_notices":[],"_links":{"self":[{"href":"https:\/\/noticel.com\/en\/wp-json\/wp\/v2\/posts\/94059","targetHints":{"allow":["GET"]}}],"collection":[{"href":"https:\/\/noticel.com\/en\/wp-json\/wp\/v2\/posts"}],"about":[{"href":"https:\/\/noticel.com\/en\/wp-json\/wp\/v2\/types\/post"}],"replies":[{"embeddable":true,"href":"https:\/\/noticel.com\/en\/wp-json\/wp\/v2\/comments?post=94059"}],"version-history":[{"count":1,"href":"https:\/\/noticel.com\/en\/wp-json\/wp\/v2\/posts\/94059\/revisions"}],"predecessor-version":[{"id":343535,"href":"https:\/\/noticel.com\/en\/wp-json\/wp\/v2\/posts\/94059\/revisions\/343535"}],"wp:featuredmedia":[{"embeddable":true,"href":"https:\/\/noticel.com\/en\/wp-json\/wp\/v2\/media\/343534"}],"wp:attachment":[{"href":"https:\/\/noticel.com\/en\/wp-json\/wp\/v2\/media?parent=94059"}],"wp:term":[{"taxonomy":"category","embeddable":true,"href":"https:\/\/noticel.com\/en\/wp-json\/wp\/v2\/categories?post=94059"},{"taxonomy":"post_tag","embeddable":true,"href":"https:\/\/noticel.com\/en\/wp-json\/wp\/v2\/tags?post=94059"}],"curies":[{"name":"wp","href":"https:\/\/api.w.org\/{rel}","templated":true}]}}