{"id":93882,"date":"2015-10-19T09:46:00","date_gmt":"2015-10-19T13:46:00","guid":{"rendered":"http:\/\/www.noticel.com\/ahora\/20151019\/distribuyen-en-guaynabo-sobre-2000-bolsas-reciclables\/"},"modified":"2025-07-15T14:08:36","modified_gmt":"2025-07-15T14:08:36","slug":"distribuyen-en-guaynabo-sobre-2000-bolsas-reciclables","status":"publish","type":"post","link":"https:\/\/noticel.com\/en\/ultima-hora\/20151019\/distribuyen-en-guaynabo-sobre-2000-bolsas-reciclables\/","title":{"rendered":"Distribuyen en Guaynabo sobre 2,000 bolsas reciclables"},"content":{"rendered":"<p>El director de Reciclaje del Municipio Aut\u00f3nomo de Guaynabo, Edwin Ramos, inform\u00f3 que desde el lunes se estar\u00e1n distribuyendo cientos de bolsas reusables para promover la sustituci\u00f3n de las bolsas pl\u00e1sticas que muchos consumidores han ido descartando para proteger y conservar el ambiente.<\/p>\n<p>&#8216;Muchos consumidores se han alejado del uso de las bolsas pl\u00e1sticas quienes por iniciativa propia han adquirido bolsas reusables para ir de compra. &#8216;Tal y como ya est\u00e1n haciendo miles de consumidores en los Estados Unidos, en Europa y Sur Am\u00e9rica, se est\u00e1 volviendo costumbre en Puerto Rico el uso de las bolsas reusables que incluso personalizan o clasifican por colores&#8217;, coment\u00f3 Ramos en un comunicado.<\/p>\n<p>Indic\u00f3 que la Divisi\u00f3n de Reciclaje y Ornato de la Ciudad se est\u00e1 haciendo cargo de honrar la cultura de reciclaje que se ha impuesto Guaynabo con el prop\u00f3sito de reducir los desperdicios s\u00f3lidos y de mantener limpio el ambiente. Los ambientalistas estiman en sobre 100 a\u00f1os el tiempo de degradaci\u00f3n de una bolsa pl\u00e1stica.<\/p><div class=\"notic-content-middle\" id=\"notic-1898280529\"><div class=\"notic-adlabel\">Advertisements<\/div><a data-no-instant=\"1\" href=\"https:\/\/qrco.de\/bgxd5v\" rel=\"noopener\" class=\"a2t-link\" target=\"_blank\" aria-label=\"DisplayAd-728&#215;90\"><img loading=\"lazy\" decoding=\"async\" src=\"https:\/\/cdn.noticel.com\/2026\/09\/02195051\/DisplayAd-728x90-1.jpg\" alt=\"\"  srcset=\"https:\/\/cdn.noticel.com\/2026\/09\/02195051\/DisplayAd-728x90-1.jpg 728w, https:\/\/cdn.noticel.com\/2026\/09\/02195051\/DisplayAd-728x90-1-300x37.jpg 300w, https:\/\/cdn.noticel.com\/2026\/09\/02195051\/DisplayAd-728x90-1-18x2.jpg 18w\" sizes=\"(max-width: 728px) 100vw, 728px\" width=\"728\" height=\"90\"   \/><\/a><\/div>\n<p>Asimismo, dijo que desde el pasado mes de abril, el Programa de Reciclaje de Guaynabo comenz\u00f3 una campa\u00f1a enfocada a concienciar en torno al da\u00f1o que las bolsas pl\u00e1sticas hacen al ambiente y para exhortar a los consumidores a utilizar bolsas reusables. Como parte de esa cruzada, el Municipio adquiri\u00f3 bolsas reutilizables para repartirlas libre de costo a\u00f1adiendo as\u00ed otro elemento educativo a su campa\u00f1a de orientaci\u00f3n sobre reciclaje y el medio ambiente. La campa\u00f1a enfatiza en torno a los materiales reciclables, la clasificaci\u00f3n y recogido de \u00e9stos, as\u00ed como los componentes que impactan negativamente el ambiente.<\/p>\n<p>Precis\u00f3 que desde el lunes 19 hasta el lunes 26, el Municipio utilizar\u00e1 cinco comercios de mayor actividad para entregar 2,100 fundas reusables. En orden, \u00e9stos son: supermercado Supermax, Walgreens de Las Reales, supermercados Selectos y Amigo (500), en el colmado Juan Domingo y en Gardenville.<\/p>\n<p>La entrega ser\u00e1 a partir de las 4:30 de la tarde.<\/p>","protected":false},"excerpt":{"rendered":"<p>El director de Reciclaje del Municipio Aut\u00f3nomo de Guaynabo, Edwin Ramos, inform\u00f3 que desde el lunes se estar\u00e1n distribuyendo cientos de bolsas reusables para promover la sustituci\u00f3n de las bolsas pl\u00e1sticas que muchos consumidores han ido descartando para proteger y conservar el ambiente. &#8216;Muchos consumidores se han alejado del uso de las bolsas pl\u00e1sticas quienes [&hellip;]<\/p>","protected":false},"author":0,"featured_media":344329,"comment_status":"closed","ping_status":"closed","sticky":false,"template":"","format":"standard","meta":{"_acf_changed":false,"_monsterinsights_skip_tracking":false,"ep_exclude_from_search":false,"footnotes":""},"categories":[2],"tags":[],"class_list":["post-93882","post","type-post","status-publish","format-standard","has-post-thumbnail","hentry","category-ultima-hora"],"acf":[],"aioseo_notices":[],"_links":{"self":[{"href":"https:\/\/noticel.com\/en\/wp-json\/wp\/v2\/posts\/93882","targetHints":{"allow":["GET"]}}],"collection":[{"href":"https:\/\/noticel.com\/en\/wp-json\/wp\/v2\/posts"}],"about":[{"href":"https:\/\/noticel.com\/en\/wp-json\/wp\/v2\/types\/post"}],"replies":[{"embeddable":true,"href":"https:\/\/noticel.com\/en\/wp-json\/wp\/v2\/comments?post=93882"}],"version-history":[{"count":1,"href":"https:\/\/noticel.com\/en\/wp-json\/wp\/v2\/posts\/93882\/revisions"}],"predecessor-version":[{"id":344331,"href":"https:\/\/noticel.com\/en\/wp-json\/wp\/v2\/posts\/93882\/revisions\/344331"}],"wp:featuredmedia":[{"embeddable":true,"href":"https:\/\/noticel.com\/en\/wp-json\/wp\/v2\/media\/344329"}],"wp:attachment":[{"href":"https:\/\/noticel.com\/en\/wp-json\/wp\/v2\/media?parent=93882"}],"wp:term":[{"taxonomy":"category","embeddable":true,"href":"https:\/\/noticel.com\/en\/wp-json\/wp\/v2\/categories?post=93882"},{"taxonomy":"post_tag","embeddable":true,"href":"https:\/\/noticel.com\/en\/wp-json\/wp\/v2\/tags?post=93882"}],"curies":[{"name":"wp","href":"https:\/\/api.w.org\/{rel}","templated":true}]}}