{"id":93551,"date":"2018-06-01T09:40:16","date_gmt":"2018-06-01T13:40:16","guid":{"rendered":"http:\/\/www.noticel.com\/ahora\/top-stories\/tribunales\/20180601\/exempleado-narra-el-terror-que-imparte-rosa-emilia-rodriguez\/"},"modified":"2025-07-15T14:29:58","modified_gmt":"2025-07-15T14:29:58","slug":"exempleado-narra-el-terror-que-imparte-rosa-emilia-rodriguez","status":"publish","type":"post","link":"https:\/\/noticel.com\/en\/ultima-hora\/20180601\/exempleado-narra-el-terror-que-imparte-rosa-emilia-rodriguez\/","title":{"rendered":"Exempleado narra el &#8216;terror&#8217; que imparte Rosa Emilia Rodr\u00edguez"},"content":{"rendered":"<p><i>Tras ganar un juicio.<\/i><\/p>\n<p>Luego de que ayer la oficina de la Fiscal\u00eda Federal en Puerto Rico, que dirige Rosa Emilia Rodr\u00edguez Velez, perdi\u00f3 el caso que pesaba en su contra por represalias y hostigamiento laboral del exempleado Francisco Reyes Caparr\u00f3s, hoy, viernes, este realiz\u00f3 serias acusaciones contra la jefa, alegando que se vive &#8216;terror&#8217; entre los empleados y que estos deben someterse a las exigencias de Rodr\u00edguez Velez.<\/p>\n<p>As\u00ed lo hizo saber en entrevista radial (Radio Isla 1320), donde tambien dijo que tras ganar el caso, varios empleados que atraviesan por el descrito panorama, se acercaron a felicitarlo pese a no atreverse a dar alg\u00fan paso legal para denunciar lo que ocurre en su lugar de trabajo.<\/p>\n<p><strong>Lee:<\/strong> <a href=\"https:\/\/noticel.com\/en\/la-calle\/tribunales\/fiscalia-federal-pierde-el-caso-de-hostigamiento-laboral\/748125602\/\">Fiscal\u00eda federal pierde caso de hostigamiento laboral<\/a><\/p>\n<p>&#8216;Como se bate el cobre entre los empleados eso es otro cantar. Porque all\u00ed es el reino del terror. O haces lo que yo digo, o haces lo que yo digo&#8230;. All\u00ed o te sometes o te sometes&#8217;, mencion\u00f3 mientras a preguntas del medio radial, denunciaba que es Rosa Emilia quien realiza los mandatos.<\/p>\n<p>&#8216;Ya es hora de un cambio de liderato en esa oficina&#8217;, argument\u00f3 tambien pese a reconocer que el trabajo realizado en la Fiscal\u00eda Federal es uno de suma importancia.<\/p>\n<p>Las denuncias surgen tambien en momentos en que se ha mencionado que el Departamento de Justicia federal est\u00e1 buscando sustituir a Rodr\u00edguez Velez, quien lleva casi 12 a\u00f1os al mando.<\/p>\n<p>Reyes Caparr\u00f3s, quien renunci\u00f3 en el 2015 a su trabajo en el mencionado lugar, <a href=\"https:\/\/media.noticel.com\/o2com-noti-media-us-east-1\/document_dev\/2017\/08\/23\/9bf9ad98aecb5122b8f9ba4e8878f2ac_8188327_ver1.0.pdf\" target=\"_blank\">radic\u00f3 su demanda poco tiempo despues<\/a> tras ser despojado de sus obligaciones laborales rutinarias luego de quejarse por tener que hacer recados personales para sus superiores.<\/p>\n<p>Sin embargo ayer, un jurado compuesto por ocho mujeres y ocho hombres, deliber\u00f3 por una hora y media y recomend\u00f3 que la parte demandada pague la suma de $300,000 a Francisco Reyes Caparr\u00f3s, quien laboraba como Especialista en Inteligencia en la Oficina de la Fiscal\u00eda Federal en Puerto Rico.<\/p>","protected":false},"excerpt":{"rendered":"<p>Tras ganar un juicio. Luego de que ayer la oficina de la Fiscal\u00eda Federal en Puerto Rico, que dirige Rosa Emilia Rodr\u00edguez Velez, perdi\u00f3 el caso que pesaba en su contra por represalias y hostigamiento laboral del exempleado Francisco Reyes Caparr\u00f3s, hoy, viernes, este realiz\u00f3 serias acusaciones contra la jefa, alegando que se vive &#8216;terror&#8217; [&hellip;]<\/p>","protected":false},"author":0,"featured_media":346123,"comment_status":"closed","ping_status":"closed","sticky":false,"template":"","format":"standard","meta":{"_acf_changed":false,"_monsterinsights_skip_tracking":false,"ep_exclude_from_search":false,"footnotes":""},"categories":[13,2],"tags":[],"class_list":["post-93551","post","type-post","status-publish","format-standard","has-post-thumbnail","hentry","category-tribunales","category-ultima-hora"],"acf":[],"aioseo_notices":[],"_links":{"self":[{"href":"https:\/\/noticel.com\/en\/wp-json\/wp\/v2\/posts\/93551","targetHints":{"allow":["GET"]}}],"collection":[{"href":"https:\/\/noticel.com\/en\/wp-json\/wp\/v2\/posts"}],"about":[{"href":"https:\/\/noticel.com\/en\/wp-json\/wp\/v2\/types\/post"}],"replies":[{"embeddable":true,"href":"https:\/\/noticel.com\/en\/wp-json\/wp\/v2\/comments?post=93551"}],"version-history":[{"count":1,"href":"https:\/\/noticel.com\/en\/wp-json\/wp\/v2\/posts\/93551\/revisions"}],"predecessor-version":[{"id":346124,"href":"https:\/\/noticel.com\/en\/wp-json\/wp\/v2\/posts\/93551\/revisions\/346124"}],"wp:featuredmedia":[{"embeddable":true,"href":"https:\/\/noticel.com\/en\/wp-json\/wp\/v2\/media\/346123"}],"wp:attachment":[{"href":"https:\/\/noticel.com\/en\/wp-json\/wp\/v2\/media?parent=93551"}],"wp:term":[{"taxonomy":"category","embeddable":true,"href":"https:\/\/noticel.com\/en\/wp-json\/wp\/v2\/categories?post=93551"},{"taxonomy":"post_tag","embeddable":true,"href":"https:\/\/noticel.com\/en\/wp-json\/wp\/v2\/tags?post=93551"}],"curies":[{"name":"wp","href":"https:\/\/api.w.org\/{rel}","templated":true}]}}