{"id":93336,"date":"2016-09-13T14:47:00","date_gmt":"2016-09-13T18:47:00","guid":{"rendered":"http:\/\/www.noticel.com\/ahora\/politica\/20160913\/chequealo-puerto-rico-da-un-giro-a-la-campana-electoral\/"},"modified":"2025-07-15T14:45:17","modified_gmt":"2025-07-15T14:45:17","slug":"chequealo-puerto-rico-da-un-giro-a-la-campana-electoral","status":"publish","type":"post","link":"https:\/\/noticel.com\/en\/ultima-hora\/20160913\/chequealo-puerto-rico-da-un-giro-a-la-campana-electoral\/","title":{"rendered":"Chequ\u00e9alo Puerto Rico da un giro a la campa\u00f1a electoral"},"content":{"rendered":"<p>De cara a las elecciones de noviembre, un grupo de 25 periodistas de los medios de comunicaci\u00f3n del pa\u00eds realizar\u00e1n el primer proceso de chequeo en la historia de Puerto Rico de los discursos p\u00fablicos de los candidatos a la gobernaci\u00f3n.<\/p>\n<p>Chequ\u00e9alo Puerto Rico, una iniciativa liderada por el Centro de Periodismo Investigativo, busca que los periodistas entrenados en la metodolog\u00eda de la verificaci\u00f3n de datos cotejen la veracidad de las expresiones de los candidatos a la gobernaci\u00f3n sobre los temas de econom\u00eda, transparencia y el futuro pol\u00edtico de Puerto Rico.<\/p>\n<p>&#8216;Proponemos cambiar la conversaci\u00f3n para enfocarnos en los datos que est\u00e1n ofreciendo los candidatos a la gente y cu\u00e1n rigurosos son cuando se paran frente a un micr\u00f3fono. Anticipamos muchas sorpresas,&#8217; dijo Carla Minet, directora ejecutiva del Centro de Periodismo Investigativo.<\/p>\n<p>Los resultados de los chequeos ser\u00e1n difundidos en la web www.chequealopr.com, y ampliamente en redes, internet, impresos, radio y en un programa especial de televisi\u00f3n por los medios socios del proyecto Sistema TV, Metro, Breve, NotiCel y Radio Isla 1320.<\/p>\n<p>Adem\u00e1s de los periodistas de la alianza de medios participar\u00e1n de las mesas de chequeo tambi\u00e9n colegas de El Nuevo D\u00eda, Sin Comillas, Telemundo, Vocero, WIAC y Di\u00e1logo.<\/p><div class=\"notic-content-middle\" id=\"notic-1890196432\"><div class=\"notic-adlabel\">Advertisements<\/div><a data-no-instant=\"1\" href=\"https:\/\/qrco.de\/bgxd5v\" rel=\"noopener\" class=\"a2t-link\" target=\"_blank\" aria-label=\"DisplayAds-970&#215;250\"><img loading=\"lazy\" decoding=\"async\" src=\"https:\/\/cdn.noticel.com\/2026\/09\/02200716\/DisplayAds-970x250-1.jpg\" alt=\"\"  srcset=\"https:\/\/cdn.noticel.com\/2026\/09\/02200716\/DisplayAds-970x250-1.jpg 970w, https:\/\/cdn.noticel.com\/2026\/09\/02200716\/DisplayAds-970x250-1-300x77.jpg 300w, https:\/\/cdn.noticel.com\/2026\/09\/02200716\/DisplayAds-970x250-1-768x198.jpg 768w, https:\/\/cdn.noticel.com\/2026\/09\/02200716\/DisplayAds-970x250-1-18x5.jpg 18w\" sizes=\"(max-width: 970px) 100vw, 970px\" width=\"970\" height=\"250\"   \/><\/a><\/div>\n<p>Un equipo de periodistas de Chequeado.com de Argentina ya est\u00e1 en pleno proceso de entrenar a los periodistas puertorrique\u00f1os, mediante cinco sesiones virtuales y dos d\u00edas completos de capacitaci\u00f3n presencial.<\/p>\n<p>&#8216;Esta iniciativa es una invitaci\u00f3n al di\u00e1logo pol\u00edtico de profundidad y resultado del trabajo cooperativo entre medios, que permitir\u00e1 el acceso de los puertorrique\u00f1os a la verificaci\u00f3n de las propuestas de gobierno. Creemos en el valor de que la gente elija a conciencia, reflexione y exija m\u00e1s de sus gobernantes, como parte de la aspiraci\u00f3n a una mejor democracia. Este ser\u00e1 un proceso hist\u00f3rico que pretende servir de inspiraci\u00f3n o principio de una pr\u00e1ctica de rendici\u00f3n de cuentas que pueda quedarse en Puerto Rico&#8217;, recalc\u00f3 Minet.<\/p>\n<p>Por su parte, la vicepresidenta y gerente general de Sistema TV, Margarita T. Mill\u00e1n destac\u00f3 que &#8216;apoyamos todo proyecto que provea la verdad a la ciudadan\u00eda, para que puedan tomar decisiones informadas en los procesos electorales. Precisamente, esto va de la mano con lo que promovemos en nuestras producciones de an\u00e1lisis. Como medio educativo, seremos la v\u00eda para mantenerlos bien informados&#8217;.<\/p>\n<p>El programa especial para televisi\u00f3n Chequ\u00e9alo Puerto Rico, est\u00e1 a cargo del equipo de Producci\u00f3n y Noticias de Sistema TV y se transmitir\u00e1 el pr\u00f3ximo martes, 25 de octubre a las 7:30 p.m. por Sistema TV canales 40 y 26; adem\u00e1s de los servicios de Cable: DIRECTV \u2013 Canal 180, Liberty &#8211; Canal 3 y 203 (HD), Claro TV \u2013 Canal 40, Dish \u2013 Canal 40 y<\/p>\n<p>Choice &#8211; Canal 26.<\/p>","protected":false},"excerpt":{"rendered":"<p>De cara a las elecciones de noviembre, un grupo de 25 periodistas de los medios de comunicaci\u00f3n del pa\u00eds realizar\u00e1n el primer proceso de chequeo en la historia de Puerto Rico de los discursos p\u00fablicos de los candidatos a la gobernaci\u00f3n. Chequ\u00e9alo Puerto Rico, una iniciativa liderada por el Centro de Periodismo Investigativo, busca que [&hellip;]<\/p>","protected":false},"author":0,"featured_media":347423,"comment_status":"closed","ping_status":"closed","sticky":false,"template":"","format":"standard","meta":{"_acf_changed":false,"_monsterinsights_skip_tracking":false,"ep_exclude_from_search":false,"footnotes":""},"categories":[7,2],"tags":[],"class_list":["post-93336","post","type-post","status-publish","format-standard","has-post-thumbnail","hentry","category-politica","category-ultima-hora"],"acf":[],"aioseo_notices":[],"_links":{"self":[{"href":"https:\/\/noticel.com\/en\/wp-json\/wp\/v2\/posts\/93336","targetHints":{"allow":["GET"]}}],"collection":[{"href":"https:\/\/noticel.com\/en\/wp-json\/wp\/v2\/posts"}],"about":[{"href":"https:\/\/noticel.com\/en\/wp-json\/wp\/v2\/types\/post"}],"replies":[{"embeddable":true,"href":"https:\/\/noticel.com\/en\/wp-json\/wp\/v2\/comments?post=93336"}],"version-history":[{"count":1,"href":"https:\/\/noticel.com\/en\/wp-json\/wp\/v2\/posts\/93336\/revisions"}],"predecessor-version":[{"id":347424,"href":"https:\/\/noticel.com\/en\/wp-json\/wp\/v2\/posts\/93336\/revisions\/347424"}],"wp:featuredmedia":[{"embeddable":true,"href":"https:\/\/noticel.com\/en\/wp-json\/wp\/v2\/media\/347423"}],"wp:attachment":[{"href":"https:\/\/noticel.com\/en\/wp-json\/wp\/v2\/media?parent=93336"}],"wp:term":[{"taxonomy":"category","embeddable":true,"href":"https:\/\/noticel.com\/en\/wp-json\/wp\/v2\/categories?post=93336"},{"taxonomy":"post_tag","embeddable":true,"href":"https:\/\/noticel.com\/en\/wp-json\/wp\/v2\/tags?post=93336"}],"curies":[{"name":"wp","href":"https:\/\/api.w.org\/{rel}","templated":true}]}}