{"id":93248,"date":"2015-10-27T19:15:00","date_gmt":"2015-10-27T23:15:00","guid":{"rendered":"https:\/\/www.noticel.com\/ahora\/gobierno\/la-calle\/policia\/20151027\/mas-de-2800-policias-para-la-noche-de-brujas\/"},"modified":"2025-07-15T14:50:30","modified_gmt":"2025-07-15T14:50:30","slug":"mas-de-2800-policias-para-la-noche-de-brujas","status":"publish","type":"post","link":"https:\/\/noticel.com\/en\/ultima-hora\/20151027\/mas-de-2800-policias-para-la-noche-de-brujas\/","title":{"rendered":"M\u00e1s de 2,800 polic\u00edas para la Noche de Brujas"},"content":{"rendered":"<p>El superintendente de la Polic\u00eda, Jose Caldero, discuti\u00f3 el martes con el gobernador Alejandro Garc\u00eda Padilla el plan de seguridad que la Uniformada para el pr\u00f3ximo fin de semana en que se celebra la llamada Noche de las Brujas o &#8216;Halloween&#8217;.<\/p>\n<p>De acuerdo con Caldero, se adelantaron los d\u00edas libres de los polic\u00edas para evitar el pago de horas extra durante el pr\u00f3ximo fin de semana. Los agentes tuvieron libre lunes, martes y mi\u00e9rcoles de esta semana y se integran al plan de seguridad a desde el jueves hasta el domingo.<\/p>\n<p>&#8216;Tambi\u00e9n hemos movido 100 agentes de la fase administrativa y los estamos sacando a la calle, espec\u00edficamente para San Juan, Bayam\u00f3n y Carolina. Tambi\u00e9n vamos a tener cuatro helic\u00f3pteros supervisando el plan desde el aire, con un coronel abordo&#8217;, explic\u00f3 Caldero.<\/p><div class=\"notic-content-middle\" id=\"notic-2057631243\"><div class=\"notic-adlabel\">Advertisements<\/div><a data-no-instant=\"1\" href=\"https:\/\/www.asegurate-bien.com\/\" rel=\"noopener\" class=\"a2t-link\" target=\"_blank\" aria-label=\"Acodese-Adaptaciones-Noticel-300&#215;600\"><img loading=\"lazy\" decoding=\"async\" src=\"https:\/\/cdn.noticel.com\/2026\/05\/30094652\/Acodese-Adaptaciones-Noticel-300x600-1.jpg\" alt=\"\"  srcset=\"https:\/\/cdn.noticel.com\/2026\/05\/30094652\/Acodese-Adaptaciones-Noticel-300x600-1.jpg 300w, https:\/\/cdn.noticel.com\/2026\/05\/30094652\/Acodese-Adaptaciones-Noticel-300x600-1-150x300.jpg 150w, https:\/\/cdn.noticel.com\/2026\/05\/30094652\/Acodese-Adaptaciones-Noticel-300x600-1-6x12.jpg 6w\" sizes=\"(max-width: 300px) 100vw, 300px\" width=\"300\" height=\"600\"   \/><\/a><\/div>\n<p>El Superintendente estim\u00f3 que durante el fin de semana deben haber unos 2,800 agentes de la Polic\u00eda en gestiones de patrullaje y prevenci\u00f3n en las calles del pa\u00eds.<\/p>\n<p>Por su parte, el jefe del Cuerpo de Bomberos, \u00c1ngel Crespo, aconsej\u00f3 a los padres de los ni\u00f1os que salgan la noche del 31 de octubre a visitar sus vecindarios haciendo uso de disfraces a que verifique las etiquetas de los disfraces para saber si el material del que est\u00e1n hechos es resistente al fuego o no.<\/p>\n<p>&#8216;Algunos de los disfraces que vienen para la noche de Halloween tienen un tipo de fibra que tienden a ser muy peligrosas si se le aproxima un artefacto con flama abierta\u2026 Los disfraces que est\u00e1n hechos de materiales &#8216;flame retardant&#8217; son buenos disfraces&#8217;, dijo Crespo, quien adem\u00e1s advirti\u00f3 sobre los riesgos de usar m\u00e1scaras de goma con orificios para la respiraci\u00f3n muy peque\u00f1os.<\/p>","protected":false},"excerpt":{"rendered":"<p>El superintendente de la Polic\u00eda, Jose Caldero, discuti\u00f3 el martes con el gobernador Alejandro Garc\u00eda Padilla el plan de seguridad que la Uniformada para el pr\u00f3ximo fin de semana en que se celebra la llamada Noche de las Brujas o &#8216;Halloween&#8217;. De acuerdo con Caldero, se adelantaron los d\u00edas libres de los polic\u00edas para evitar [&hellip;]<\/p>","protected":false},"author":0,"featured_media":347840,"comment_status":"closed","ping_status":"closed","sticky":false,"template":"","format":"standard","meta":{"_acf_changed":false,"_monsterinsights_skip_tracking":false,"ep_exclude_from_search":false,"footnotes":""},"categories":[4,12,2],"tags":[],"class_list":["post-93248","post","type-post","status-publish","format-standard","has-post-thumbnail","hentry","category-gobierno","category-la-calle","category-ultima-hora"],"acf":[],"aioseo_notices":[],"_links":{"self":[{"href":"https:\/\/noticel.com\/en\/wp-json\/wp\/v2\/posts\/93248","targetHints":{"allow":["GET"]}}],"collection":[{"href":"https:\/\/noticel.com\/en\/wp-json\/wp\/v2\/posts"}],"about":[{"href":"https:\/\/noticel.com\/en\/wp-json\/wp\/v2\/types\/post"}],"replies":[{"embeddable":true,"href":"https:\/\/noticel.com\/en\/wp-json\/wp\/v2\/comments?post=93248"}],"version-history":[{"count":1,"href":"https:\/\/noticel.com\/en\/wp-json\/wp\/v2\/posts\/93248\/revisions"}],"predecessor-version":[{"id":347842,"href":"https:\/\/noticel.com\/en\/wp-json\/wp\/v2\/posts\/93248\/revisions\/347842"}],"wp:featuredmedia":[{"embeddable":true,"href":"https:\/\/noticel.com\/en\/wp-json\/wp\/v2\/media\/347840"}],"wp:attachment":[{"href":"https:\/\/noticel.com\/en\/wp-json\/wp\/v2\/media?parent=93248"}],"wp:term":[{"taxonomy":"category","embeddable":true,"href":"https:\/\/noticel.com\/en\/wp-json\/wp\/v2\/categories?post=93248"},{"taxonomy":"post_tag","embeddable":true,"href":"https:\/\/noticel.com\/en\/wp-json\/wp\/v2\/tags?post=93248"}],"curies":[{"name":"wp","href":"https:\/\/api.w.org\/{rel}","templated":true}]}}