{"id":93142,"date":"2012-03-30T07:55:00","date_gmt":"2012-03-30T11:55:00","guid":{"rendered":"http:\/\/www.noticel.com\/hack\/20120330\/buzz-lightyear-regresa-del-espacio\/"},"modified":"2025-07-15T14:58:46","modified_gmt":"2025-07-15T14:58:46","slug":"buzz-lightyear-regresa-del-espacio","status":"publish","type":"post","link":"https:\/\/noticel.com\/en\/mas\/otros\/20120330\/buzz-lightyear-regresa-del-espacio\/","title":{"rendered":"Buzz Lightyear regresa del espacio"},"content":{"rendered":"<p>Washington &#8211; El mu\u00f1eco &#8216;Buzz Lightyear&#8217; que viaj\u00f3 a la Estaci\u00f3n Espacial Internacional (EEI) a bordo del transbordador Discovery fue donado hoy por su creador al Museo del Aire y del Espacio de la instituci\u00f3n Smithsonian, con la misi\u00f3n de inspirar a las futuras generaciones de cient\u00edficos y astronautas.<\/p>\n<p>&#8216;Buzz Lightyear&#8217;,el popular guerrero espacial de la saga de Pixar &#8216;Toy Story&#8217; (1995), entr\u00f3 a formar parte de la galer\u00eda de la fama en uno de los museos m\u00e1s visitados de la capital estadounidense.<\/p>\n<p>Se trata del mismo &#8216;Buzz&#8217; que vol\u00f3 en la misi\u00f3n STS-124 a bordo del Discovery a la Estaci\u00f3n Espacial Internacional (EEI), que orbita a unos 380 kil\u00f3metros de la Tierra a una velocidad de 27.000 kil\u00f3metros por hora, y regres\u00f3 en la misi\u00f3n STS-128, quince meses m\u00e1s tarde, en el mismo transbordador.<\/p>\n<p>Su presencia fue vital para las demostraciones educativas que realizaron los astronautas de las Expediciones 18, 19 y 20 de la tripulaci\u00f3n permanente del complejo espacial, por ejemplo para explicar la gravedad.<\/p>\n<p>Con su gesto sonriente, el mu\u00f1eco miraba al p\u00fablico que se puso en pie cuando su creador, John Lasseter, jefe de creativos de los estudios de animaci\u00f3n Pixar, hizo entrega del intr\u00e9pido guerrero espacial en una ceremonia en la que particip\u00f3 la directora adjunta de la NASA, Lori Garver, y el director del museo, Jack Dailey.<\/p>\n<p>&#8216;Este es uno de los d\u00edas m\u00e1s felices de mi vida, sin duda&#8217;, asegur\u00f3 Lasseter, quien cont\u00f3 c\u00f3mo creci\u00f3 &#8216;pegado a la pantalla de televisi\u00f3n&#8217; siguiendo las misiones Mercurio, G\u00e9minis y Apolo.<\/p>\n<p>El creativo record\u00f3 c\u00f3mo cuando crearon los personajes de la pel\u00edcula pens\u00f3 si el mu\u00f1eco moderno (&#8216;Buzz Lightyear&#8217;) que desbanca al cl\u00e1sico (el vaquero &#8216;Woody&#8217;) deb\u00eda ser alg\u00fan tipo de superh\u00e9roe pero &#8216;echando la vista atr\u00e1s&#8217; y mirando lo que lo entusiasmaba cuando era un ni\u00f1o pens\u00f3: tiene que ser un astronauta.<\/p>\n<p>En cuanto a &#8216;Lightyear&#8217;, explic\u00f3 que barajaron muchos conceptos hasta que pens\u00f3 que si es un h\u00e9roe que viaja por el cosmos, algo significativo ser\u00eda se\u00f1alar c\u00f3mo se mide la distancia en el espacio: los a\u00f1os luz.<\/p><div class=\"notic-content-middle\" id=\"notic-3354839343\"><div class=\"notic-adlabel\">Advertisements<\/div><a data-no-instant=\"1\" href=\"https:\/\/www.asegurate-bien.com\/\" rel=\"noopener\" class=\"a2t-link\" target=\"_blank\" aria-label=\"Acodese-Adaptaciones-Noticel-970&#215;90\"><img loading=\"lazy\" decoding=\"async\" src=\"https:\/\/cdn.noticel.com\/2026\/07\/30100146\/Acodese-Adaptaciones-Noticel-970x90-1.jpg\" alt=\"\"  srcset=\"https:\/\/cdn.noticel.com\/2026\/07\/30100146\/Acodese-Adaptaciones-Noticel-970x90-1.jpg 970w, https:\/\/cdn.noticel.com\/2026\/07\/30100146\/Acodese-Adaptaciones-Noticel-970x90-1-300x28.jpg 300w, https:\/\/cdn.noticel.com\/2026\/07\/30100146\/Acodese-Adaptaciones-Noticel-970x90-1-768x71.jpg 768w, https:\/\/cdn.noticel.com\/2026\/07\/30100146\/Acodese-Adaptaciones-Noticel-970x90-1-18x2.jpg 18w\" sizes=\"(max-width: 970px) 100vw, 970px\" width=\"970\" height=\"90\"   \/><\/a><\/div>\n<p>Y sobre &#8216;Buzz&#8217;, lo tuvo claro, fue en nombre del astronauta &#8216;m\u00e1s genial&#8217; de los que ha tenido la NASA, Edward &#8216;Buzz&#8217; Aldrin, pilot\u00f3 el Apolo 11 y quien junto con Neil Armstrong fueron los dos primeros humanos en pisar la Luna.<\/p>\n<p>Lasseter, que recibi\u00f3 como recuerdo un cuadro con parches de los escudos de la NASA que tambi\u00e9n viajaron al espacio a bordo del Discovery, dese\u00f3 que este mu\u00f1eco que cumpli\u00f3 su sue\u00f1o y vol\u00f3 por si mismo en el espacio inspire a los ni\u00f1os que lo visiten.<\/p>\n<p>&#8216;Espero que un futuro astronauta que pise un asteroide o vaya a la Estaci\u00f3n Espacial Internacional sea inspirado por esta misi\u00f3n. Ser\u00eda algo espectacular&#8217;, asegur\u00f3.<\/p>\n<p>El director del museo indic\u00f3 que la popularidad de &#8216;Buzz Lightyear&#8217; entre la gente joven &#8216;ser\u00e1 una importante pieza para nuestra misi\u00f3n educativa&#8217;.<\/p>\n<p>El Museo Nacional del Aire y del Espacio recibi\u00f3 adem\u00e1s material relacionado con la misi\u00f3n de &#8216;Buzz Lightyear&#8217; a la EEI, que se proyectar\u00e1 en la galer\u00eda &#8216;Beyon the Earth&#8217;, en la que ser\u00e1 expuesto el mu\u00f1eco a partir de este verano.<\/p>\n<p>La figura tendr\u00e1 un lugar especial dentro de la maqueta del transbordador Discovery que han creado en el museo, que recibir\u00e1 el verdadero transbordador en sus instalaciones en Virginia, en las proximidades del Aeropuerto Internacional Dulles, el pr\u00f3ximo abril.<\/p>\n<p>La subdirectora de la NASA destac\u00f3 la &#8216;extraordinaria colaboraci\u00f3n&#8217; educativa entre la agencia espacial y los estudios Pixar para elaborar v\u00eddeos, juegos y otros materiales disponibles en su p\u00e1gina web para hacer m\u00e1s atractiva la ciencia a los ni\u00f1os.<\/p>","protected":false},"excerpt":{"rendered":"<p>Washington &#8211; El mu\u00f1eco &#8216;Buzz Lightyear&#8217; que viaj\u00f3 a la Estaci\u00f3n Espacial Internacional (EEI) a bordo del transbordador Discovery fue donado hoy por su creador al Museo del Aire y del Espacio de la instituci\u00f3n Smithsonian, con la misi\u00f3n de inspirar a las futuras generaciones de cient\u00edficos y astronautas. &#8216;Buzz Lightyear&#8217;,el popular guerrero espacial de [&hellip;]<\/p>","protected":false},"author":0,"featured_media":348455,"comment_status":"closed","ping_status":"closed","sticky":false,"template":"","format":"standard","meta":{"_acf_changed":false,"_monsterinsights_skip_tracking":false,"ep_exclude_from_search":false,"footnotes":""},"categories":[83],"tags":[],"class_list":["post-93142","post","type-post","status-publish","format-standard","has-post-thumbnail","hentry","category-otros"],"acf":[],"aioseo_notices":[],"_links":{"self":[{"href":"https:\/\/noticel.com\/en\/wp-json\/wp\/v2\/posts\/93142","targetHints":{"allow":["GET"]}}],"collection":[{"href":"https:\/\/noticel.com\/en\/wp-json\/wp\/v2\/posts"}],"about":[{"href":"https:\/\/noticel.com\/en\/wp-json\/wp\/v2\/types\/post"}],"replies":[{"embeddable":true,"href":"https:\/\/noticel.com\/en\/wp-json\/wp\/v2\/comments?post=93142"}],"version-history":[{"count":1,"href":"https:\/\/noticel.com\/en\/wp-json\/wp\/v2\/posts\/93142\/revisions"}],"predecessor-version":[{"id":348457,"href":"https:\/\/noticel.com\/en\/wp-json\/wp\/v2\/posts\/93142\/revisions\/348457"}],"wp:featuredmedia":[{"embeddable":true,"href":"https:\/\/noticel.com\/en\/wp-json\/wp\/v2\/media\/348455"}],"wp:attachment":[{"href":"https:\/\/noticel.com\/en\/wp-json\/wp\/v2\/media?parent=93142"}],"wp:term":[{"taxonomy":"category","embeddable":true,"href":"https:\/\/noticel.com\/en\/wp-json\/wp\/v2\/categories?post=93142"},{"taxonomy":"post_tag","embeddable":true,"href":"https:\/\/noticel.com\/en\/wp-json\/wp\/v2\/tags?post=93142"}],"curies":[{"name":"wp","href":"https:\/\/api.w.org\/{rel}","templated":true}]}}