{"id":92763,"date":"2018-08-04T11:05:30","date_gmt":"2018-08-04T15:05:30","guid":{"rendered":"http:\/\/www.noticel.com\/ahora\/gobierno\/policia\/video\/20180804\/pesquera-habla-sobre-la-guagua-blindada-del-swat\/"},"modified":"2025-07-15T15:29:13","modified_gmt":"2025-07-15T15:29:13","slug":"pesquera-habla-sobre-la-guagua-blindada-del-swat","status":"publish","type":"post","link":"https:\/\/noticel.com\/en\/ultima-hora\/20180804\/pesquera-habla-sobre-la-guagua-blindada-del-swat\/","title":{"rendered":"Pesquera habla sobre la guagua blindada del SWAT"},"content":{"rendered":"<p><i>Alega es la primera que tendr\u00e1 la unidad<\/i><\/p><div class=\"notic-content-middle\" id=\"notic-3509892472\"><div class=\"notic-adlabel\">Advertisements<\/div><a data-no-instant=\"1\" href=\"https:\/\/qrco.de\/bgxd5v\" rel=\"noopener\" class=\"a2t-link\" target=\"_blank\" aria-label=\"DisplayAd-970&#215;902\"><img loading=\"lazy\" decoding=\"async\" src=\"https:\/\/cdn.noticel.com\/2026\/09\/02200210\/DisplayAd-970x902-1.jpg\" alt=\"\"  srcset=\"https:\/\/cdn.noticel.com\/2026\/09\/02200210\/DisplayAd-970x902-1.jpg 970w, https:\/\/cdn.noticel.com\/2026\/09\/02200210\/DisplayAd-970x902-1-300x28.jpg 300w, https:\/\/cdn.noticel.com\/2026\/09\/02200210\/DisplayAd-970x902-1-768x71.jpg 768w, https:\/\/cdn.noticel.com\/2026\/09\/02200210\/DisplayAd-970x902-1-18x2.jpg 18w\" sizes=\"(max-width: 970px) 100vw, 970px\" width=\"970\" height=\"90\"   \/><\/a><\/div>\n<p>El secretario del Departamento de Seguridad P\u00fablica (DSP), H\u00e9ctor Pesquera, asegur\u00f3 a NotiCel la guagua blindada del gobernador Ricardo Rossell\u00f3 que luego de fuerte controversia fue traspasada a la divisi\u00f3n del SWAT de la Polic\u00eda de Puerto Rico ayudar\u00e1 a estos agentes a hacer un mejor trabajo a la hora de atender situaciones de alto peligro.<\/p>","protected":false},"excerpt":{"rendered":"<p>Alega es la primera que tendr\u00e1 la unidad El secretario del Departamento de Seguridad P\u00fablica (DSP), H\u00e9ctor Pesquera, asegur\u00f3 a NotiCel la guagua blindada del gobernador Ricardo Rossell\u00f3 que luego de fuerte controversia fue traspasada a la divisi\u00f3n del SWAT de la Polic\u00eda de Puerto Rico ayudar\u00e1 a estos agentes a hacer un mejor trabajo [&hellip;]<\/p>","protected":false},"author":0,"featured_media":350874,"comment_status":"closed","ping_status":"closed","sticky":false,"template":"","format":"standard","meta":{"_acf_changed":false,"_monsterinsights_skip_tracking":false,"ep_exclude_from_search":false,"footnotes":""},"categories":[4,2,61],"tags":[],"class_list":["post-92763","post","type-post","status-publish","format-standard","has-post-thumbnail","hentry","category-gobierno","category-ultima-hora","category-video"],"acf":[],"aioseo_notices":[],"_links":{"self":[{"href":"https:\/\/noticel.com\/en\/wp-json\/wp\/v2\/posts\/92763","targetHints":{"allow":["GET"]}}],"collection":[{"href":"https:\/\/noticel.com\/en\/wp-json\/wp\/v2\/posts"}],"about":[{"href":"https:\/\/noticel.com\/en\/wp-json\/wp\/v2\/types\/post"}],"replies":[{"embeddable":true,"href":"https:\/\/noticel.com\/en\/wp-json\/wp\/v2\/comments?post=92763"}],"version-history":[{"count":1,"href":"https:\/\/noticel.com\/en\/wp-json\/wp\/v2\/posts\/92763\/revisions"}],"predecessor-version":[{"id":350877,"href":"https:\/\/noticel.com\/en\/wp-json\/wp\/v2\/posts\/92763\/revisions\/350877"}],"wp:featuredmedia":[{"embeddable":true,"href":"https:\/\/noticel.com\/en\/wp-json\/wp\/v2\/media\/350874"}],"wp:attachment":[{"href":"https:\/\/noticel.com\/en\/wp-json\/wp\/v2\/media?parent=92763"}],"wp:term":[{"taxonomy":"category","embeddable":true,"href":"https:\/\/noticel.com\/en\/wp-json\/wp\/v2\/categories?post=92763"},{"taxonomy":"post_tag","embeddable":true,"href":"https:\/\/noticel.com\/en\/wp-json\/wp\/v2\/tags?post=92763"}],"curies":[{"name":"wp","href":"https:\/\/api.w.org\/{rel}","templated":true}]}}