{"id":91561,"date":"2011-05-01T00:00:00","date_gmt":"2011-05-01T04:00:00","guid":{"rendered":"http:\/\/www.noticel.com\/ahora\/20110501\/nace-grupo-pro-estadidad\/"},"modified":"2025-07-15T17:09:07","modified_gmt":"2025-07-15T17:09:07","slug":"nace-grupo-pro-estadidad","status":"publish","type":"post","link":"https:\/\/noticel.com\/en\/ultima-hora\/20110501\/nace-grupo-pro-estadidad\/","title":{"rendered":"Nace grupo pro estadidad"},"content":{"rendered":"<p><i>Nace grupo pro estadidad<\/i><\/p>\n<p>Hoy se dio a conocer una nueva organizaci\u00f3n que propone la estadidad para Puerto Rico bajo el nombre de \u00abCreyentes Pro Uni\u00f3n Permanente\u00bb bajo el liderato del ex director de la Oficina de Comunidades de Fe, An\u00edbal Heredia, y Alfredo Castellanos.<\/p>\n<p>El organismo espera aglutinar l\u00edderes de fe, pastores, creyente y religiosos en general y asumir un rol protag\u00f3nico en pro de la estadidad de cara a la consulta de status que ha anunciado el gobernador Luis Fortu\u00f1o, indicaron los fundadores en un comunicado de prensa.<\/p><div class=\"notic-content-middle\" id=\"notic-3328325548\"><div class=\"notic-adlabel\">Advertisements<\/div><a data-no-instant=\"1\" href=\"http:\/\/jackpotdelencantopr.com\" rel=\"noopener\" class=\"a2t-link\" target=\"_blank\" aria-label=\"JP-Monopoly-Launch-Noticel-728&#215;90\"><img loading=\"lazy\" decoding=\"async\" src=\"https:\/\/cdn.noticel.com\/2026\/07\/15123521\/JP-Monopoly-Launch-Noticel-728x90-1.jpg\" alt=\"\"  srcset=\"https:\/\/cdn.noticel.com\/2026\/07\/15123521\/JP-Monopoly-Launch-Noticel-728x90-1.jpg 728w, https:\/\/cdn.noticel.com\/2026\/07\/15123521\/JP-Monopoly-Launch-Noticel-728x90-1-300x37.jpg 300w, https:\/\/cdn.noticel.com\/2026\/07\/15123521\/JP-Monopoly-Launch-Noticel-728x90-1-18x2.jpg 18w\" sizes=\"(max-width: 728px) 100vw, 728px\" width=\"728\" height=\"90\"   \/><\/a><\/div>\n<p>\u00abAquellos que creemos en la justicia en todos los niveles, no podemos limitarnos al campo religioso. Creemos en la justicia divina, pero tambi\u00e9n creemos en luchar por la justicia social que, definitivamente, se logra con la estadidad\u00bb, se\u00f1al\u00f3 Castellanos.<\/p>\n<p>Por su parte, el pastor Heredia afirm\u00f3 que ante una innegable crisis de valores, se hace m\u00e1s pertinente la participaci\u00f3n en la pol\u00edtica de personas comprometidas con los principios \u00e9ticos y de solidaridad que promueve la fe cristiana. \u00abEsto es sencillo. Creemos en un solo Dios, bajo el cual se fund\u00f3 esa gran Naci\u00f3n Americana. Somos cristianos y estadistas. Por eso somos Creyentes Pro Uni\u00f3n Permanente\u00bb, indic\u00f3 Heredia.<\/p>\n<p>En conferencia de prensa en el Comit\u00e9 Central del Partido Nuevo Progresista se dijo que Arecibo, Ponce, Mayag\u00fcez e Isabela ser\u00e1n los primeros cuatro municipios que ser\u00e1n impactados por esta nueva organizaci\u00f3n mediante conferencias y orientaciones al p\u00fablico.INS<\/p>","protected":false},"excerpt":{"rendered":"<p>Nace grupo pro estadidad Hoy se dio a conocer una nueva organizaci\u00f3n que propone la estadidad para Puerto Rico bajo el nombre de \u00abCreyentes Pro Uni\u00f3n Permanente\u00bb bajo el liderato del ex director de la Oficina de Comunidades de Fe, An\u00edbal Heredia, y Alfredo Castellanos. El organismo espera aglutinar l\u00edderes de fe, pastores, creyente y [&hellip;]<\/p>","protected":false},"author":0,"featured_media":359028,"comment_status":"closed","ping_status":"closed","sticky":false,"template":"","format":"standard","meta":{"_acf_changed":false,"_monsterinsights_skip_tracking":false,"ep_exclude_from_search":false,"footnotes":""},"categories":[2],"tags":[],"class_list":["post-91561","post","type-post","status-publish","format-standard","has-post-thumbnail","hentry","category-ultima-hora"],"acf":[],"aioseo_notices":[],"_links":{"self":[{"href":"https:\/\/noticel.com\/en\/wp-json\/wp\/v2\/posts\/91561","targetHints":{"allow":["GET"]}}],"collection":[{"href":"https:\/\/noticel.com\/en\/wp-json\/wp\/v2\/posts"}],"about":[{"href":"https:\/\/noticel.com\/en\/wp-json\/wp\/v2\/types\/post"}],"replies":[{"embeddable":true,"href":"https:\/\/noticel.com\/en\/wp-json\/wp\/v2\/comments?post=91561"}],"version-history":[{"count":1,"href":"https:\/\/noticel.com\/en\/wp-json\/wp\/v2\/posts\/91561\/revisions"}],"predecessor-version":[{"id":359030,"href":"https:\/\/noticel.com\/en\/wp-json\/wp\/v2\/posts\/91561\/revisions\/359030"}],"wp:featuredmedia":[{"embeddable":true,"href":"https:\/\/noticel.com\/en\/wp-json\/wp\/v2\/media\/359028"}],"wp:attachment":[{"href":"https:\/\/noticel.com\/en\/wp-json\/wp\/v2\/media?parent=91561"}],"wp:term":[{"taxonomy":"category","embeddable":true,"href":"https:\/\/noticel.com\/en\/wp-json\/wp\/v2\/categories?post=91561"},{"taxonomy":"post_tag","embeddable":true,"href":"https:\/\/noticel.com\/en\/wp-json\/wp\/v2\/tags?post=91561"}],"curies":[{"name":"wp","href":"https:\/\/api.w.org\/{rel}","templated":true}]}}