{"id":90907,"date":"2014-05-22T18:50:08","date_gmt":"2014-05-22T22:50:08","guid":{"rendered":"http:\/\/www.noticel.com\/ahora\/20140522\/testifican-hermano-y-empleada-de-fortaleza-sobre-accidente-del-director-de\/"},"modified":"2025-07-15T18:08:56","modified_gmt":"2025-07-15T18:08:56","slug":"testifican-hermano-y-empleada-de-fortaleza-sobre-accidente-del-director-de","status":"publish","type":"post","link":"https:\/\/noticel.com\/en\/ultima-hora\/20140522\/testifican-hermano-y-empleada-de-fortaleza-sobre-accidente-del-director-de\/","title":{"rendered":"Testifican hermano y empleada de Fortaleza sobre accidente del director de"},"content":{"rendered":"<p>Niavelis Castro Melendez, empleada de La Fortaleza <a href=\"https:\/\/noticel.com\/en\/noticia\/160575\/empleada-de-fortaleza-fue-testigo-de-accidente-del-director-de-parques-nacionales.html\/\">que presenci\u00f3 el accidente<\/a> que cobr\u00f3 la vida del director de la Compa\u00f1\u00eda de Parques Nacionales, Carlos del Valle, compareci\u00f3 esta tarde a su cita en la Fiscal\u00eda de Guayama \u00fanicamente en calidad de testigo, de acuerdo al fiscal del caso, V\u00edctor Alfredo Casiano Cosme.<\/p>\n<p>Aunque rechaz\u00f3 entrar en detalles del interrogatorio, el representante del Ministerio P\u00fablico puntualiz\u00f3 que Castro Mel\u00e9ndez no es objetivo de una investigaci\u00f3n en su contra.<\/p>\n<p>&#8216;No contemplamos citarla para una segunda citaci\u00f3n&#8217;, apunt\u00f3 el fiscal, quien sostuvo que una vez culmine todas las entrevistas y recopile toda la prueba, someter\u00e1 un informe a la fiscal del distrito quien determinar\u00e1 el curso a seguir.<\/p>\n<p>&#8216;La investigaci\u00f3n va dirigida a conocer qui\u00e9n fue el responsable del accidente y cu\u00e1l es la causa pr\u00f3xima de la muerte de los conductores y bajo qu\u00e9 condiciones esos conductores manejaban esos veh\u00edculos&#8217;, subray\u00f3CasianoCosme.<\/p>\n<p>De igual modo, el representante legal de Castro, licenciadoGerardoCruz, sostuvo que la empleada de la Fortaleza es simplemente testigo del caso.<\/p>\n<p>Tras un largo interrogatorio que tom\u00f3 sobre cuatro horas en la fiscal\u00eda, la funcionaria detall\u00f3 los hechos ocurridos el pasado s\u00e1bado 17 de mayo a la altura del kil\u00f3metro 2.2 del desv\u00edo sur de Patillas. Luego, su hermano pasar\u00eda a testificar.<\/p>\n<p>Cruz aclar\u00f3 que Castro intent\u00f3 comunicarse varias veces con el fenecido funcionario para hacerle saber que le seguir\u00eda, pero nunca le contest\u00f3 el tel\u00e9fono. &#8216;Por eso ella piensa que \u00e9l (Carlos) nunca supo que ella viajaba detr\u00e1s&#8217;, explic\u00f3 Cruz.<\/p>\n<p>Tambi\u00e9n recalc\u00f3 en que Castro permaneci\u00f3 en el lugar del accidente hasta que llegaron las autoridades a trabajar la escena.<\/p>\n<p>De igual forma, sostuvo que ella se comunic\u00f3 con otro empleado de la Fortaleza a su numero personal para notificar lo ocurrido pero que en ning\u00fan momento llam\u00f3 directamente a la Mansi\u00f3n Ejecutiva, por lo que justific\u00f3 que al d\u00eda siguiente el gobernador Alejandro Garc\u00eda Padilla no conociera esos detalles.<\/p>\n<p>Cruz mencion\u00f3 que Castro indic\u00f3 que comparti\u00f3 con Del Valle en dos negocios de Maunabo antes del accidente donde no se vend\u00edan bebidas alcoh\u00f3licas. &#8216;S\u00ed coment\u00f3 que le hab\u00eda dicho que estaba muy cansado&#8217;, explic\u00f3 el abogado, al agregar que por esa raz\u00f3n Castro y su hermano decidieron seguirlo.<\/p>\n<p>Adem\u00e1s, detall\u00f3 que Castro estuvo por momentos cerca del veh\u00edculo del fenecido durante el trayecto antes de tomar el desv\u00edo PR53, donde &#8216;fue el \u00fanico momento en que pudo notar que (Del valle) conduc\u00eda de forma irregular&#8217;. Un poco antes not\u00f3 que Del Valle encendi\u00f3 una luz en su veh\u00edculo por lo que entendi\u00f3 que buscaba algo. Luegovio que elfuncionario aceler\u00f3 hasta casi perderse de vista, inclin\u00e1ndose a la izquierda, hasta ver el accidente.<\/p>\n<p>Por su parte, Jes\u00fas Manuel Ortiz, secretario de Prensa del Gobernador, rechaz\u00f3 que haya dado instrucciones a la empleada de abandonar la escena <a href=\"https:\/\/noticel.com\/en\/noticia\/160772\/empleada-de-fortaleza-llamo-al-9-1-1-tras-accidente-audio.html\/\">que se report\u00f3<\/a> al filo de la medianoche del s\u00e1bado pasado.<\/p>\n<p>&#8216;La participaci\u00f3n o vinculaci\u00f3n de la empleada con la escena es la que conocemos, que estaba compartiendo con Carlos y de alguna forma lleg\u00f3 a donde se report\u00f3 el accidente. No hay una investigaci\u00f3n interna por eso&#8217;, explic\u00f3 en entrevista con Radio Isla 1320.<\/p>\n<p>Adem\u00e1s, tampoco desminti\u00f3 que <a href=\"https:\/\/noticel.com\/en\/noticia\/160757\/tres-funcionarios-de-fortaleza-sabian-de-empleada-testigo-frustracion-en-palacio-por-secreteo.html\/\">tres funcionarios de Fortaleza<\/a> ten\u00edan conocimiento de que la empleada hab\u00eda sido testigo del fatal accidente previo a las expresiones del Gobernador en el sepelio del funcionario.<\/p>\n<p>Asegur\u00f3, tambi\u00e9n, que una vez est\u00e9n los resultados de las pruebas podr\u00edan darse a conocer siempre y cuando la informaci\u00f3n sea p\u00fablica. &#8216;Si el Gobernador tiene que expresarse sobre lo que ha trascendido, de que conduc\u00eda bajo los efectos del alcohol, pues lo har\u00e1. No debe haber ning\u00fan problema con eso&#8217;, destac\u00f3 Ortiz.<\/p>\n<p>Del Valle, de 30 a\u00f1os y residente de Patillas, muri\u00f3 luego de impactar con un veh\u00edculo oficial el autom\u00f3vil de un hombre de 57 a\u00f1os que tambi\u00e9n muri\u00f3 en la escena.<\/p>\n<p>A continuaci\u00f3n compartimos el audio de la llamada hecha por Niavelis Castro al sistema 9-1-1 para reportar el accidente.<\/p>\n<p>Your browser doesn&#8217;t support audio.<\/p>\n<p>Please download the file:<\/p>\n<p><a href=\"https:\/\/media.noticel.com\/o2com-noti-media-us-east-1\/document_dev\/2017\/08\/23\/Niavelis%20Castro%209-1-1_8211339_ver1.0.mp3\">audio\/mp3<\/a><\/p>","protected":false},"excerpt":{"rendered":"<p>Niavelis Castro Melendez, empleada de La Fortaleza que presenci\u00f3 el accidente que cobr\u00f3 la vida del director de la Compa\u00f1\u00eda de Parques Nacionales, Carlos del Valle, compareci\u00f3 esta tarde a su cita en la Fiscal\u00eda de Guayama \u00fanicamente en calidad de testigo, de acuerdo al fiscal del caso, V\u00edctor Alfredo Casiano Cosme. Aunque rechaz\u00f3 entrar [&hellip;]<\/p>","protected":false},"author":0,"featured_media":363663,"comment_status":"closed","ping_status":"closed","sticky":false,"template":"","format":"standard","meta":{"_acf_changed":false,"_monsterinsights_skip_tracking":false,"ep_exclude_from_search":false,"footnotes":""},"categories":[2],"tags":[],"class_list":["post-90907","post","type-post","status-publish","format-standard","has-post-thumbnail","hentry","category-ultima-hora"],"acf":[],"aioseo_notices":[],"_links":{"self":[{"href":"https:\/\/noticel.com\/en\/wp-json\/wp\/v2\/posts\/90907","targetHints":{"allow":["GET"]}}],"collection":[{"href":"https:\/\/noticel.com\/en\/wp-json\/wp\/v2\/posts"}],"about":[{"href":"https:\/\/noticel.com\/en\/wp-json\/wp\/v2\/types\/post"}],"replies":[{"embeddable":true,"href":"https:\/\/noticel.com\/en\/wp-json\/wp\/v2\/comments?post=90907"}],"version-history":[{"count":1,"href":"https:\/\/noticel.com\/en\/wp-json\/wp\/v2\/posts\/90907\/revisions"}],"predecessor-version":[{"id":363665,"href":"https:\/\/noticel.com\/en\/wp-json\/wp\/v2\/posts\/90907\/revisions\/363665"}],"wp:featuredmedia":[{"embeddable":true,"href":"https:\/\/noticel.com\/en\/wp-json\/wp\/v2\/media\/363663"}],"wp:attachment":[{"href":"https:\/\/noticel.com\/en\/wp-json\/wp\/v2\/media?parent=90907"}],"wp:term":[{"taxonomy":"category","embeddable":true,"href":"https:\/\/noticel.com\/en\/wp-json\/wp\/v2\/categories?post=90907"},{"taxonomy":"post_tag","embeddable":true,"href":"https:\/\/noticel.com\/en\/wp-json\/wp\/v2\/tags?post=90907"}],"curies":[{"name":"wp","href":"https:\/\/api.w.org\/{rel}","templated":true}]}}