{"id":90582,"date":"2014-05-22T14:42:46","date_gmt":"2014-05-22T18:42:46","guid":{"rendered":"http:\/\/www.noticel.com\/ahora\/20140522\/envian-carta-a-eric-holder-ante-propuesta-de-eliminar-el-colegio-de-justici\/"},"modified":"2025-07-15T18:39:40","modified_gmt":"2025-07-15T18:39:40","slug":"envian-carta-a-eric-holder-ante-propuesta-de-eliminar-el-colegio-de-justici","status":"publish","type":"post","link":"https:\/\/noticel.com\/en\/ultima-hora\/20140522\/envian-carta-a-eric-holder-ante-propuesta-de-eliminar-el-colegio-de-justici\/","title":{"rendered":"Env\u00edan carta a Eric Holder ante propuesta de eliminar el Colegio de Justici"},"content":{"rendered":"<p>La Junta de Directores del Colegio Universitario de Justicia Criminal (CUJC), le present\u00f3 el jueves al secretario de Justicia de los Estados Unidos, Eric Holder, su preocupaci\u00f3n ante los proyectos que buscan eliminar la \u00fanica instituci\u00f3n encargada de educar, formar y readiestrar a la Polic\u00eda de Puerto Rico.<\/p>\n<p>&#8216;Eliminar el CUJC va en contra al Informe Federal de la Divisi\u00f3n de Derechos Civiles de septiembre de 2011. Buscar que el CUJC logre la autonom\u00eda e independencia completa es la manera m\u00e1s apropiada de proceder para corregir los se\u00f1alamientos hechos por la Divisi\u00f3n de Derechos Civiles del Departamento de Justicia de Estados Unidos&#8217; dispuso la Junta del Colegio rese\u00f1ado en un comunicado de prensa.<\/p>\n<p>Su preocupaci\u00f3n descansa en la radicaci\u00f3n de los Proyectos de la C\u00e1mara 1895 y del Senado 1065, ambos de administraci\u00f3n.<\/p>\n<p>La misiva, tambi\u00e9n, fue enviada al Superintendente de la Polic\u00eda, Jos\u00e9 Caldero L\u00f3pez, al Juez Federal, Gustavo Gelp\u00ed, al Sub Secretario de Justicia, Tony West y a los Secretarios de Justicia Auxiliar, Thomas P\u00e9rez y Roy Austin. As\u00ed como, a los de la Secci\u00f3n Especial de Litigios de los Estados Unidos, Jonathan Smith y Luis Saucedo, respectivamente.<\/p>\n<p>El informe emitido el 5 de septiembre de 2011, destaca que el CUJC necesita m\u00e1s independencia y autonom\u00eda de la Polic\u00eda.<\/p><div class=\"notic-content-middle\" id=\"notic-513437319\"><div class=\"notic-adlabel\">Advertisements<\/div><a data-no-instant=\"1\" href=\"https:\/\/qrco.de\/bgxd5v\" rel=\"noopener\" class=\"a2t-link\" target=\"_blank\" aria-label=\"DisplayAd-970&#215;90\"><img loading=\"lazy\" decoding=\"async\" src=\"https:\/\/cdn.noticel.com\/2026\/09\/02195840\/DisplayAd-970x90-1.jpg\" alt=\"\"  srcset=\"https:\/\/cdn.noticel.com\/2026\/09\/02195840\/DisplayAd-970x90-1.jpg 970w, https:\/\/cdn.noticel.com\/2026\/09\/02195840\/DisplayAd-970x90-1-300x28.jpg 300w, https:\/\/cdn.noticel.com\/2026\/09\/02195840\/DisplayAd-970x90-1-768x71.jpg 768w, https:\/\/cdn.noticel.com\/2026\/09\/02195840\/DisplayAd-970x90-1-18x2.jpg 18w\" sizes=\"(max-width: 970px) 100vw, 970px\" width=\"970\" height=\"90\"   \/><\/a><\/div>\n<p>Seg\u00fan manifest\u00f3 la Junta, de aprobarse los dos proyectos, se estar\u00eda poniendo en peligro la educaci\u00f3n y la calidad en la formaci\u00f3n que se le ofrece a los uniformados, pero sobre todo, el CUJC entrar\u00eda en incumplimiento con la Reforma de la Polic\u00eda de Puerto Rico. Por ello, le solicit\u00f3 al Secretario de Justicia que presente su posici\u00f3n sobre la propuesta legislaci\u00f3n y su impacto a la Reforma Policiaca.<\/p>\n<p>Por otro lado, la Junta de Directores asegur\u00f3 que el CUJC tiene los fondos suficientes para operar al menos tres a\u00f1os sin ning\u00fan tipo de asignaci\u00f3n presupuestaria del Estado. Esto debido a que dicha instituci\u00f3n posee fondos propios ya que su Ley Org\u00e1nica le permite buscar su propia forma de ingresos, por lo que los recortes presupuestarios que propuso el Gobierno no deben influir en la decisi\u00f3n de fusi\u00f3n.<\/p>\n<p>&#8216;La fusi\u00f3n del CUJC con la Polic\u00eda, por el simple hecho de reducir el presupuesto no debe ser causa fundamental para poner en peligro el progreso de la Uniformada y el cumplimiento de la reforma. Los exhorto a repensar, tomar un rol m\u00e1s activo y asertivo que promueva la correcci\u00f3n de los se\u00f1alamientos. Debemos aspirar a una Polic\u00eda profesionalizada y la aprobaci\u00f3n de estos proyectos de ley lejos de promoverla la obstaculiza&#8217;, reiter\u00f3 la Junta.<\/p>\n<p>La Junta de Directores del CUJC est\u00e1 compuesta por Carmen Monserrate, Mois\u00e9s Rom\u00e1n, F\u00e9lix Santoni, Alfonso Orona, Robert B\u00e1ez, Ram\u00f3n Rosario y V\u00edctor D\u00edaz Torres.<\/p>","protected":false},"excerpt":{"rendered":"<p>La Junta de Directores del Colegio Universitario de Justicia Criminal (CUJC), le present\u00f3 el jueves al secretario de Justicia de los Estados Unidos, Eric Holder, su preocupaci\u00f3n ante los proyectos que buscan eliminar la \u00fanica instituci\u00f3n encargada de educar, formar y readiestrar a la Polic\u00eda de Puerto Rico. &#8216;Eliminar el CUJC va en contra al [&hellip;]<\/p>","protected":false},"author":0,"featured_media":366182,"comment_status":"closed","ping_status":"closed","sticky":false,"template":"","format":"standard","meta":{"_acf_changed":false,"_monsterinsights_skip_tracking":false,"ep_exclude_from_search":false,"footnotes":""},"categories":[2],"tags":[],"class_list":["post-90582","post","type-post","status-publish","format-standard","has-post-thumbnail","hentry","category-ultima-hora"],"acf":[],"aioseo_notices":[],"_links":{"self":[{"href":"https:\/\/noticel.com\/en\/wp-json\/wp\/v2\/posts\/90582","targetHints":{"allow":["GET"]}}],"collection":[{"href":"https:\/\/noticel.com\/en\/wp-json\/wp\/v2\/posts"}],"about":[{"href":"https:\/\/noticel.com\/en\/wp-json\/wp\/v2\/types\/post"}],"replies":[{"embeddable":true,"href":"https:\/\/noticel.com\/en\/wp-json\/wp\/v2\/comments?post=90582"}],"version-history":[{"count":1,"href":"https:\/\/noticel.com\/en\/wp-json\/wp\/v2\/posts\/90582\/revisions"}],"predecessor-version":[{"id":366184,"href":"https:\/\/noticel.com\/en\/wp-json\/wp\/v2\/posts\/90582\/revisions\/366184"}],"wp:featuredmedia":[{"embeddable":true,"href":"https:\/\/noticel.com\/en\/wp-json\/wp\/v2\/media\/366182"}],"wp:attachment":[{"href":"https:\/\/noticel.com\/en\/wp-json\/wp\/v2\/media?parent=90582"}],"wp:term":[{"taxonomy":"category","embeddable":true,"href":"https:\/\/noticel.com\/en\/wp-json\/wp\/v2\/categories?post=90582"},{"taxonomy":"post_tag","embeddable":true,"href":"https:\/\/noticel.com\/en\/wp-json\/wp\/v2\/tags?post=90582"}],"curies":[{"name":"wp","href":"https:\/\/api.w.org\/{rel}","templated":true}]}}