{"id":90446,"date":"2016-10-29T17:23:00","date_gmt":"2016-10-29T21:23:00","guid":{"rendered":"http:\/\/www.noticel.com\/mundo\/20161029\/francia-reniega-ahora-de-campamentos-de-inmigrantes-y-refugiados\/"},"modified":"2025-07-15T18:52:38","modified_gmt":"2025-07-15T18:52:38","slug":"francia-reniega-ahora-de-campamentos-de-inmigrantes-y-refugiados","status":"publish","type":"post","link":"https:\/\/noticel.com\/en\/noticias\/mundo\/20161029\/francia-reniega-ahora-de-campamentos-de-inmigrantes-y-refugiados\/","title":{"rendered":"Francia reniega ahora de campamentos de inmigrantes y refugiados"},"content":{"rendered":"<p>El presidente de Francia, Fran\u00e7ois Hollande, avis\u00f3 hoy que no tolerar\u00e1 nuevos campamentos de inmigrantes y refugiados como el del Calais y afirm\u00f3 que hablar\u00e1 con la primera ministra brit\u00e1nica, Theresa May, para que Londres acoja a los menores que tienen derecho a pedir asilo.<\/p>\n<p>&#8216;No podemos tolerar m\u00e1s los campamentos y no los toleraremos m\u00e1s&#8217;, dijo a la prensa Hollande, despu\u00e9s de visitar un Centro de Acogida y Orientaci\u00f3n (CAO) en el noroeste de Francia, donde hizo un balance del desmantelamiento del campo Calais, concluido esta semana.<\/p>\n<p>Seg\u00fan Hollande, se ha evacuado de Calais a 5,000 personas que han sido acogidas &#8216;en las plazas que estaban previstas&#8217; en los 450 CAO del pa\u00eds, en una operaci\u00f3n -dijo el presidente- en la que &#8216;Francia ha dado una excelente imagen&#8217; internacional, pues no se registraron incidentes.<\/p>\n<p>Sin embargo, el mandatario alert\u00f3 que &#8216;no se tolerar\u00e1 m\u00e1s&#8217; que proliferen campos como el de Calais en otras zonas de Francia como en Par\u00eds, donde ha aumentado la afluencia de inmigrantes en el norte de la ciudad bajo una zona cubierta de la estaci\u00f3n del metro de Stalingrad.<\/p>\n<p>Seg\u00fan personal humanitario que trabaja en la zona, en Stalingrad malviven desde hace meses varios centenares de inmigrantes y se ha constatado recientemente un notable aumento de nuevas llegadas.<\/p><div class=\"notic-content-middle\" id=\"notic-3005485128\"><div class=\"notic-adlabel\">Advertisements<\/div><a data-no-instant=\"1\" href=\"https:\/\/www.asegurate-bien.com\/\" rel=\"noopener\" class=\"a2t-link\" target=\"_blank\" aria-label=\"Acodese-Adaptaciones-Noticel-728&#215;90\"><img loading=\"lazy\" decoding=\"async\" src=\"https:\/\/cdn.noticel.com\/2026\/07\/30095222\/Acodese-Adaptaciones-Noticel-728x90-1.jpg\" alt=\"\"  srcset=\"https:\/\/cdn.noticel.com\/2026\/07\/30095222\/Acodese-Adaptaciones-Noticel-728x90-1.jpg 728w, https:\/\/cdn.noticel.com\/2026\/07\/30095222\/Acodese-Adaptaciones-Noticel-728x90-1-300x37.jpg 300w, https:\/\/cdn.noticel.com\/2026\/07\/30095222\/Acodese-Adaptaciones-Noticel-728x90-1-18x2.jpg 18w\" sizes=\"(max-width: 728px) 100vw, 728px\" width=\"728\" height=\"90\"   \/><\/a><\/div>\n<p>Se ha especulado adem\u00e1s con que esa mayor afluencia est\u00e9 asociada al desmantelamiento del campamento de Calais.<\/p>\n<p>Hollande tambi\u00e9n se refiri\u00f3 a la situaci\u00f3n de los 1,500 menores que estaban en Calais y que est\u00e1n acogidos en un centro provisional, muchos a la espera de cruzar al Reino Unido para juntarse con familiares.<\/p>\n<p>&#8216;Habl\u00e9 con la primera ministra brit\u00e1nica (&#8230;) para que los brit\u00e1nicos acompa\u00f1en a esos menores y puedan asumir lo que les corresponde para, despu\u00e9s, acogerlos en el Reino Unido&#8217;, coment\u00f3.<\/p>\n<p>Londres cuestion\u00f3 esta semana a Par\u00eds si estaba cumpliendo con su parte de no dejar a ning\u00fan menor de Calais sin seguimiento.<\/p>","protected":false},"excerpt":{"rendered":"<p>El presidente de Francia, Fran\u00e7ois Hollande, avis\u00f3 hoy que no tolerar\u00e1 nuevos campamentos de inmigrantes y refugiados como el del Calais y afirm\u00f3 que hablar\u00e1 con la primera ministra brit\u00e1nica, Theresa May, para que Londres acoja a los menores que tienen derecho a pedir asilo. &#8216;No podemos tolerar m\u00e1s los campamentos y no los toleraremos [&hellip;]<\/p>","protected":false},"author":0,"featured_media":367207,"comment_status":"closed","ping_status":"closed","sticky":false,"template":"","format":"standard","meta":{"_acf_changed":false,"_monsterinsights_skip_tracking":false,"ep_exclude_from_search":false,"footnotes":""},"categories":[17],"tags":[],"class_list":["post-90446","post","type-post","status-publish","format-standard","has-post-thumbnail","hentry","category-mundo"],"acf":[],"aioseo_notices":[],"_links":{"self":[{"href":"https:\/\/noticel.com\/en\/wp-json\/wp\/v2\/posts\/90446","targetHints":{"allow":["GET"]}}],"collection":[{"href":"https:\/\/noticel.com\/en\/wp-json\/wp\/v2\/posts"}],"about":[{"href":"https:\/\/noticel.com\/en\/wp-json\/wp\/v2\/types\/post"}],"replies":[{"embeddable":true,"href":"https:\/\/noticel.com\/en\/wp-json\/wp\/v2\/comments?post=90446"}],"version-history":[{"count":1,"href":"https:\/\/noticel.com\/en\/wp-json\/wp\/v2\/posts\/90446\/revisions"}],"predecessor-version":[{"id":367209,"href":"https:\/\/noticel.com\/en\/wp-json\/wp\/v2\/posts\/90446\/revisions\/367209"}],"wp:featuredmedia":[{"embeddable":true,"href":"https:\/\/noticel.com\/en\/wp-json\/wp\/v2\/media\/367207"}],"wp:attachment":[{"href":"https:\/\/noticel.com\/en\/wp-json\/wp\/v2\/media?parent=90446"}],"wp:term":[{"taxonomy":"category","embeddable":true,"href":"https:\/\/noticel.com\/en\/wp-json\/wp\/v2\/categories?post=90446"},{"taxonomy":"post_tag","embeddable":true,"href":"https:\/\/noticel.com\/en\/wp-json\/wp\/v2\/tags?post=90446"}],"curies":[{"name":"wp","href":"https:\/\/api.w.org\/{rel}","templated":true}]}}