{"id":90381,"date":"2014-06-02T17:37:23","date_gmt":"2014-06-02T21:37:23","guid":{"rendered":"http:\/\/www.noticel.com\/vida\/20140602\/daddy-yankee-conquista-francia\/"},"modified":"2025-07-15T18:56:52","modified_gmt":"2025-07-15T18:56:52","slug":"daddy-yankee-conquista-francia","status":"publish","type":"post","link":"https:\/\/noticel.com\/en\/vida-y-bienestar\/20140602\/daddy-yankee-conquista-francia\/","title":{"rendered":"Daddy Yankee conquista Francia"},"content":{"rendered":"<p>Seis ciudades de Francia enloquecieron con la gira de conciertos &#8216;King Daddy Tour&#8217; del ic\u00f3nico cantante de m\u00fasica urbana Daddy Yankee, reuniendo a m\u00e1s de 25 mil fan\u00e1ticos.<\/p>\n<p>Los conciertos vendidos en su totalidad conquistaron las ciudades de Sant Herbein, Villeurbane, Toulousse, Paris y Bordeaux entre el 24 de mayo al 1 de junio.<\/p>\n<p>Pero Daddy Yankee no s\u00f3lo conquist\u00f3 a seis ciudades, sino que ocup\u00f3 el primer puesto en las tendencias de Twitter durante su presentaci\u00f3n en Paris.<\/p>\n<p>Esta gira de conciertos inici\u00f3 el 23 de mayo en Scalea, Italia y culminar\u00e1 el 22 de junio en Madrid, Espa\u00f1a.<\/p>\n<p>Otros lugares que podr\u00e1n disfrutar de los conciertos del cantante y empresario con N\u00e1poles, Roma y Mil\u00e1n en Italia; M\u00fanich y Colonia en Alemania; \u00c1msterdam, Holanda; Zurich, Suiza; Bree, B\u00e9lgica; y M\u00e1laga, Bilbao y Madrid en Espa\u00f1a.<\/p>\n<p>A su salida de Europa, Daddy Yankee visitar\u00e1 Per\u00fa y varias ciudades de Estados Unidos, a la vez que se apresta a continuar la producci\u00f3n del musical &#8216;Kind Daddy 2&#8217;.<\/p>","protected":false},"excerpt":{"rendered":"<p>Seis ciudades de Francia enloquecieron con la gira de conciertos &#8216;King Daddy Tour&#8217; del ic\u00f3nico cantante de m\u00fasica urbana Daddy Yankee, reuniendo a m\u00e1s de 25 mil fan\u00e1ticos. Los conciertos vendidos en su totalidad conquistaron las ciudades de Sant Herbein, Villeurbane, Toulousse, Paris y Bordeaux entre el 24 de mayo al 1 de junio. Pero [&hellip;]<\/p>","protected":false},"author":0,"featured_media":367594,"comment_status":"closed","ping_status":"closed","sticky":false,"template":"","format":"standard","meta":{"_acf_changed":false,"_monsterinsights_skip_tracking":false,"ep_exclude_from_search":false,"footnotes":""},"categories":[69],"tags":[],"class_list":["post-90381","post","type-post","status-publish","format-standard","has-post-thumbnail","hentry","category-vida-y-bienestar"],"acf":[],"aioseo_notices":[],"_links":{"self":[{"href":"https:\/\/noticel.com\/en\/wp-json\/wp\/v2\/posts\/90381","targetHints":{"allow":["GET"]}}],"collection":[{"href":"https:\/\/noticel.com\/en\/wp-json\/wp\/v2\/posts"}],"about":[{"href":"https:\/\/noticel.com\/en\/wp-json\/wp\/v2\/types\/post"}],"replies":[{"embeddable":true,"href":"https:\/\/noticel.com\/en\/wp-json\/wp\/v2\/comments?post=90381"}],"version-history":[{"count":1,"href":"https:\/\/noticel.com\/en\/wp-json\/wp\/v2\/posts\/90381\/revisions"}],"predecessor-version":[{"id":367596,"href":"https:\/\/noticel.com\/en\/wp-json\/wp\/v2\/posts\/90381\/revisions\/367596"}],"wp:featuredmedia":[{"embeddable":true,"href":"https:\/\/noticel.com\/en\/wp-json\/wp\/v2\/media\/367594"}],"wp:attachment":[{"href":"https:\/\/noticel.com\/en\/wp-json\/wp\/v2\/media?parent=90381"}],"wp:term":[{"taxonomy":"category","embeddable":true,"href":"https:\/\/noticel.com\/en\/wp-json\/wp\/v2\/categories?post=90381"},{"taxonomy":"post_tag","embeddable":true,"href":"https:\/\/noticel.com\/en\/wp-json\/wp\/v2\/tags?post=90381"}],"curies":[{"name":"wp","href":"https:\/\/api.w.org\/{rel}","templated":true}]}}