{"id":90304,"date":"2016-10-06T18:16:00","date_gmt":"2016-10-06T22:16:00","guid":{"rendered":"http:\/\/www.noticel.com\/ahora\/la-calle\/politica\/20161006\/candidata-popular-a-la-alcaldia-de-orocovis-herida-en-accidente-de-transito\/"},"modified":"2025-07-15T19:02:02","modified_gmt":"2025-07-15T19:02:02","slug":"candidata-popular-a-la-alcaldia-de-orocovis-herida-en-accidente-de-transito","status":"publish","type":"post","link":"https:\/\/noticel.com\/en\/ultima-hora\/20161006\/candidata-popular-a-la-alcaldia-de-orocovis-herida-en-accidente-de-transito\/","title":{"rendered":"Candidata popular a la alcald\u00eda de Orocovis herida en accidente de tr\u00e1nsito"},"content":{"rendered":"<p>Angelys &#8216;Angie&#8217; Rivera Pag\u00e1n, presidenta del Partido Popular Democr\u00e1tico (PPD) y candidata a la alcald\u00eda de Orocovis, est\u00e1 estable luego de sufrir un accidente automovil\u00edstico en el d\u00eda de hoy, jueves.<\/p>\n<p>Cerca de las 12:35 de la tarde, la Polic\u00eda inform\u00f3 delaccidenteen la carretera 157 k.m. 8.4 en el barrio Cacao enOrocovis. MientrasDanelisseP\u00e9rez Hern\u00e1ndez conduc\u00eda en retroceso su guaguaToyotaVenza, cay\u00f3 por un precipicio de unos 50 pies de profundidad. Esta fuerescatadajunto a otras dos pasajeras, entre quienes se encontrabaRivera.<\/p>\n<p>&#8216;Angie est\u00e1 estable y alerta. Agradecemos las muestras de cari\u00f1o recibidas. Gracias a Dios el accidente no result\u00f3 tan grave como originalmente se estim\u00f3. En estos momentos ella est\u00e1 recibiendo atenci\u00f3n m\u00e9dica y pr\u00f3ximamente ser\u00e1 intervenida por una fractura en el brazo&#8217;, expres\u00f3 Dennis P\u00e9rez, esposo de la candidata popular.<\/p><div class=\"notic-content-middle\" id=\"notic-994858647\"><div class=\"notic-adlabel\">Advertisements<\/div><a data-no-instant=\"1\" href=\"https:\/\/qrco.de\/bgxd5v\" rel=\"noopener\" class=\"a2t-link\" target=\"_blank\" aria-label=\"DisplayAd-728&#215;90\"><img loading=\"lazy\" decoding=\"async\" src=\"https:\/\/cdn.noticel.com\/2026\/09\/02195051\/DisplayAd-728x90-1.jpg\" alt=\"\"  srcset=\"https:\/\/cdn.noticel.com\/2026\/09\/02195051\/DisplayAd-728x90-1.jpg 728w, https:\/\/cdn.noticel.com\/2026\/09\/02195051\/DisplayAd-728x90-1-300x37.jpg 300w, https:\/\/cdn.noticel.com\/2026\/09\/02195051\/DisplayAd-728x90-1-18x2.jpg 18w\" sizes=\"(max-width: 728px) 100vw, 728px\" width=\"728\" height=\"90\"   \/><\/a><\/div>\n<p>&#8216;Tan pronto tengamos noticias adicionales informaremos a la comunidad. Las dos compa\u00f1eras que viajaban con ella quienes colaboran en la campa\u00f1a a la alcald\u00eda de Orocovis, Danelisse P\u00e9rez Hern\u00e1ndez, la conductora, y Migdalia Rodr\u00edguez, sufrieron heridas, aunque no de cuidado, agraciadamente&#8217;, finaliz\u00f3 P\u00e9rez.<\/p>\n<p>Rivera Pag\u00e1n fue trasportada al Hospital Menonita de Orocovis.P\u00e9rez y Rodr\u00edguez fueron trasladadas al Hospital de \u00c1rea de Manat\u00ed para ser atendidas .<\/p>","protected":false},"excerpt":{"rendered":"<p>Angelys &#8216;Angie&#8217; Rivera Pag\u00e1n, presidenta del Partido Popular Democr\u00e1tico (PPD) y candidata a la alcald\u00eda de Orocovis, est\u00e1 estable luego de sufrir un accidente automovil\u00edstico en el d\u00eda de hoy, jueves. Cerca de las 12:35 de la tarde, la Polic\u00eda inform\u00f3 delaccidenteen la carretera 157 k.m. 8.4 en el barrio Cacao enOrocovis. MientrasDanelisseP\u00e9rez Hern\u00e1ndez conduc\u00eda [&hellip;]<\/p>","protected":false},"author":0,"featured_media":368016,"comment_status":"closed","ping_status":"closed","sticky":false,"template":"","format":"standard","meta":{"_acf_changed":false,"_monsterinsights_skip_tracking":false,"ep_exclude_from_search":false,"footnotes":""},"categories":[12,7,2],"tags":[],"class_list":["post-90304","post","type-post","status-publish","format-standard","has-post-thumbnail","hentry","category-la-calle","category-politica","category-ultima-hora"],"acf":[],"aioseo_notices":[],"_links":{"self":[{"href":"https:\/\/noticel.com\/en\/wp-json\/wp\/v2\/posts\/90304","targetHints":{"allow":["GET"]}}],"collection":[{"href":"https:\/\/noticel.com\/en\/wp-json\/wp\/v2\/posts"}],"about":[{"href":"https:\/\/noticel.com\/en\/wp-json\/wp\/v2\/types\/post"}],"replies":[{"embeddable":true,"href":"https:\/\/noticel.com\/en\/wp-json\/wp\/v2\/comments?post=90304"}],"version-history":[{"count":1,"href":"https:\/\/noticel.com\/en\/wp-json\/wp\/v2\/posts\/90304\/revisions"}],"predecessor-version":[{"id":368018,"href":"https:\/\/noticel.com\/en\/wp-json\/wp\/v2\/posts\/90304\/revisions\/368018"}],"wp:featuredmedia":[{"embeddable":true,"href":"https:\/\/noticel.com\/en\/wp-json\/wp\/v2\/media\/368016"}],"wp:attachment":[{"href":"https:\/\/noticel.com\/en\/wp-json\/wp\/v2\/media?parent=90304"}],"wp:term":[{"taxonomy":"category","embeddable":true,"href":"https:\/\/noticel.com\/en\/wp-json\/wp\/v2\/categories?post=90304"},{"taxonomy":"post_tag","embeddable":true,"href":"https:\/\/noticel.com\/en\/wp-json\/wp\/v2\/tags?post=90304"}],"curies":[{"name":"wp","href":"https:\/\/api.w.org\/{rel}","templated":true}]}}