{"id":89289,"date":"2016-09-15T22:08:00","date_gmt":"2016-09-16T02:08:00","guid":{"rendered":"http:\/\/www.noticel.com\/en-serio\/ahora\/politica\/viral\/20160915\/bernier-defiende-las-tareas-que-el-gobernador-le-asigno\/"},"modified":"2025-07-15T20:30:11","modified_gmt":"2025-07-15T20:30:11","slug":"bernier-defiende-las-tareas-que-el-gobernador-le-asigno","status":"publish","type":"post","link":"https:\/\/noticel.com\/en\/ultima-hora\/20160915\/bernier-defiende-las-tareas-que-el-gobernador-le-asigno\/","title":{"rendered":"Bernier defiende las tareas que el Gobernador le asign\u00f3"},"content":{"rendered":"<p>Como secretario de Estado, y como gobernador interino, el ahora candidato a la gobernaci\u00f3n por el Partido popular Democr\u00e1tico (PPD), David Bernier, recibi\u00f3 varias encomiendas mediante orden ejecutiva que ahora defiende ante ataques de su rival, Ricardo Rossell\u00f3.<\/p>\n<p>Esta semana Rossell\u00f3 y el Partido Nuevo Progresista (PNP) han escalado en sus argumentos sobre estas encomiendas argumentando que Bernier, a trav\u00e9s de ellas, tuvo la oportunidad de ejecutar planes de gobierno y que, seg\u00fan ellos, fracas\u00f3.<\/p>\n<p>En una entrevista que Bernier concedi\u00f3 a NotiCel hace una semanas, se hab\u00eda abordado este tema y Bernier defendi\u00f3 que &#8216;estas encomiendas de orden ejecutiva tienen un principio y un fin, y uno emite un informe y quien implanta son otras agencias de gobierno porque el Secretario de Estado no tiene una estructura de gobierno&#8217;, plante\u00f3.<\/p>\n<p>&#8216;Yo soy responsable de lo que yo hice como Secretario de Estado y lo pongo ante la consideraci\u00f3n del pa\u00eds, yo soy responsable de lo que yo hice como secretario de Deportes, yo soy responsable de lo que yo hice como presidente del Comit\u00e9 Ol\u00edmpico, como director de la Oficina de Asuntos de la Juventud, comp atleta, comp l\u00edder estudiantil, como ser humano, ah\u00ed est\u00e1 mi trayectoria p\u00fablica,eval\u00faenla;y eval\u00faen la de los otros candidatos tambi\u00e9n&#8217;, dijo de entrada.<\/p>\n<p>Al enumerar las encomiendas y sus resultados, sostuvo que &#8216;me toc\u00f3 echar pa&#8217; lante los acueductos comunitarios rurales, un proyecto de coraz\u00f3n, all\u00ed est\u00e1n las comunidades, vamos a verlas&#8217;.<\/p>\n<p>&#8216;Me toc\u00f3 por orden ejecutiva lograr la eficiencia en el gobierno, establecimos una ruta, esa fue ya de salida, y tenemos, Oscar, dos ventanillas \u00fanicas que hoy sirven de referentes y te invito a que la veas: una en Toa Alta y otra en Villalba, que son excelentes&#8217;, a\u00f1adi\u00f3.<\/p><div class=\"notic-content-middle\" id=\"notic-3253455565\"><div class=\"notic-adlabel\">Advertisements<\/div><a data-no-instant=\"1\" href=\"https:\/\/www.asegurate-bien.com\/\" rel=\"noopener\" class=\"a2t-link\" target=\"_blank\" aria-label=\"Acodese-Adaptaciones-Noticel-300&#215;600\"><img loading=\"lazy\" decoding=\"async\" src=\"https:\/\/cdn.noticel.com\/2026\/05\/30094652\/Acodese-Adaptaciones-Noticel-300x600-1.jpg\" alt=\"\"  srcset=\"https:\/\/cdn.noticel.com\/2026\/05\/30094652\/Acodese-Adaptaciones-Noticel-300x600-1.jpg 300w, https:\/\/cdn.noticel.com\/2026\/05\/30094652\/Acodese-Adaptaciones-Noticel-300x600-1-150x300.jpg 150w, https:\/\/cdn.noticel.com\/2026\/05\/30094652\/Acodese-Adaptaciones-Noticel-300x600-1-6x12.jpg 6w\" sizes=\"(max-width: 300px) 100vw, 300px\" width=\"300\" height=\"600\"   \/><\/a><\/div>\n<p>Sobre la orden ejecutiva que le encomend\u00f3 la regionalizaci\u00f3n en los municipios, adujo que el candidato independiente a la gobernaci\u00f3n, ManuelCidre, la adopt\u00f3 y que &#8216;le hace falta legislaci\u00f3n&#8217;.<\/p>\n<p>Adem\u00e1s, a Bernier se le encomend\u00f3 suscribir los acuerdos de Alianzas P\u00fablico Privadas y la descentralizaci\u00f3n de los servicios gubernamentales.<\/p>\n<p>Sobre su participaci\u00f3n en el Comit\u00e9 de Di\u00e1logo para los Sistemas de Retiro, contest\u00f3 que &#8216;fue un proyecto voluntario porque yo a los maestros los voy a ayudar siempre que pueda y no le cojo miedo, eso fue un esfuerzo del Arzobispo de San Juan que invit\u00f3 a un di\u00e1logo y el gobierno no quer\u00eda participar, y yo digo, &#8216;Gobernador, tenemos que participar, es demasiado importante&#8217;, y all\u00ed estuvimos, hicimos el esfuerzo m\u00e1ximo y el ambiente no propici\u00f3 porque hab\u00eda un caso en los tribunales a la vez; que hab\u00eda un esfuerzo de buena fe, pero all\u00ed echamos el resto como siempre lo he hecho por los maestros&#8217;.<\/p>\n<p>Al plante\u00e1rsele que, sin embargo, la Administraci\u00f3n de la que era parte abandon\u00f3 por completo el tema del mejoramiento de los sistemas de retiro de maestros, ripost\u00f3 que &#8216;debieron haberlo retomado y se lo hab\u00eda dicho al Gobernador&#8217;.<\/p>\n<p>-El Gobernador ha sido generoso con usted?<\/p>\n<p>-Hemos tenido diferencias, hemos tenido coincidencias, siempre dentro de un marco de respeto&#8230; en ocasiones hace expresiones que me gustar\u00eda que no hiciera pero esa es su prerrogativa, \u00e9l est\u00e1 en su \u00faltimo t\u00e9rmino y \u00e9l tiene que tomar sus decisiones, ese es su gobierno, yo soy candidato para formar mi gobierno.<\/p>","protected":false},"excerpt":{"rendered":"<p>Como secretario de Estado, y como gobernador interino, el ahora candidato a la gobernaci\u00f3n por el Partido popular Democr\u00e1tico (PPD), David Bernier, recibi\u00f3 varias encomiendas mediante orden ejecutiva que ahora defiende ante ataques de su rival, Ricardo Rossell\u00f3. Esta semana Rossell\u00f3 y el Partido Nuevo Progresista (PNP) han escalado en sus argumentos sobre estas encomiendas [&hellip;]<\/p>","protected":false},"author":0,"featured_media":374786,"comment_status":"closed","ping_status":"closed","sticky":false,"template":"","format":"standard","meta":{"_acf_changed":false,"_monsterinsights_skip_tracking":false,"ep_exclude_from_search":false,"footnotes":""},"categories":[7,2,58],"tags":[],"class_list":["post-89289","post","type-post","status-publish","format-standard","has-post-thumbnail","hentry","category-politica","category-ultima-hora","category-viral"],"acf":[],"aioseo_notices":[],"_links":{"self":[{"href":"https:\/\/noticel.com\/en\/wp-json\/wp\/v2\/posts\/89289","targetHints":{"allow":["GET"]}}],"collection":[{"href":"https:\/\/noticel.com\/en\/wp-json\/wp\/v2\/posts"}],"about":[{"href":"https:\/\/noticel.com\/en\/wp-json\/wp\/v2\/types\/post"}],"replies":[{"embeddable":true,"href":"https:\/\/noticel.com\/en\/wp-json\/wp\/v2\/comments?post=89289"}],"version-history":[{"count":1,"href":"https:\/\/noticel.com\/en\/wp-json\/wp\/v2\/posts\/89289\/revisions"}],"predecessor-version":[{"id":374788,"href":"https:\/\/noticel.com\/en\/wp-json\/wp\/v2\/posts\/89289\/revisions\/374788"}],"wp:featuredmedia":[{"embeddable":true,"href":"https:\/\/noticel.com\/en\/wp-json\/wp\/v2\/media\/374786"}],"wp:attachment":[{"href":"https:\/\/noticel.com\/en\/wp-json\/wp\/v2\/media?parent=89289"}],"wp:term":[{"taxonomy":"category","embeddable":true,"href":"https:\/\/noticel.com\/en\/wp-json\/wp\/v2\/categories?post=89289"},{"taxonomy":"post_tag","embeddable":true,"href":"https:\/\/noticel.com\/en\/wp-json\/wp\/v2\/tags?post=89289"}],"curies":[{"name":"wp","href":"https:\/\/api.w.org\/{rel}","templated":true}]}}