{"id":88929,"date":"2014-03-10T10:01:32","date_gmt":"2014-03-10T14:01:32","guid":{"rendered":"http:\/\/www.noticel.com\/la-calle\/20140310\/se-fuga-reo-en-mayaguez\/"},"modified":"2025-07-15T21:04:50","modified_gmt":"2025-07-15T21:04:50","slug":"se-fuga-reo-en-mayaguez","status":"publish","type":"post","link":"https:\/\/noticel.com\/en\/noticias\/la-calle\/20140310\/se-fuga-reo-en-mayaguez\/","title":{"rendered":"Se fuga reo en Mayag\u00fcez"},"content":{"rendered":"<p>En horas de la ma\u00f1ana del luensse report\u00f3 la fuga de un reo del Centro de Detenci\u00f3n del Oeste, mejor conocido como el Campamento El Lim\u00f3n, ubicado en la Carretera 105, barrio Lim\u00f3n en Mayag\u00fcez.<\/p>\n<p>El reo fue identificado como Claudio Olan Santiago, de 29 a\u00f1os y residente del Residencial El Recreo en San Germ\u00e1n, quien cumple por agresi\u00f3n agravada y tiene 4 casos de mot\u00edn.<\/p>\n<p>\u00c9ste fue descrito de tez trigue\u00f1a, 5&#8242; 10&#8242; de estatura, 174 libras de peso aproximadamente, pelo negro y ojos color marr\u00f3n, y viste ropa de reo color crema.<\/p><div class=\"notic-content-middle\" id=\"notic-3025809721\"><div class=\"notic-adlabel\">Advertisements<\/div><a data-no-instant=\"1\" href=\"https:\/\/www.asegurate-bien.com\/\" rel=\"noopener\" class=\"a2t-link\" target=\"_blank\" aria-label=\"Acodese-Adaptaciones-Noticel-300&#215;600\"><img loading=\"lazy\" decoding=\"async\" src=\"https:\/\/cdn.noticel.com\/2026\/05\/30094652\/Acodese-Adaptaciones-Noticel-300x600-1.jpg\" alt=\"\"  srcset=\"https:\/\/cdn.noticel.com\/2026\/05\/30094652\/Acodese-Adaptaciones-Noticel-300x600-1.jpg 300w, https:\/\/cdn.noticel.com\/2026\/05\/30094652\/Acodese-Adaptaciones-Noticel-300x600-1-150x300.jpg 150w, https:\/\/cdn.noticel.com\/2026\/05\/30094652\/Acodese-Adaptaciones-Noticel-300x600-1-6x12.jpg 6w\" sizes=\"(max-width: 300px) 100vw, 300px\" width=\"300\" height=\"600\"   \/><\/a><\/div>\n<p>Se inform\u00f3 que este ten\u00eda una cita m\u00e9dica fuera de la mencionada instituci\u00f3n y cuando se encontraba en el \u00e1rea de admisiones, utilizando una figa, agredi\u00f3 a un guardia de custodia ocasion\u00e1ndole heridas leves en el rostro, pecho, abdomen y brazos.<\/p>\n<p>El guardia, quien no ha sido identificado, fue atendido por personal m\u00e9dico de la mencionada instituci\u00f3n y su condici\u00f3n es estable.<\/p>\n<p>En este momento personal del Departamento de Correcci\u00f3n y de distintas unidades de la Polic\u00eda del \u00c1rea de Mayag\u00fcez, se encuentran en una b\u00fasqueda exhaustiva por sectores y urbanizaciones aleda\u00f1as al mencionado complejo correccional.<\/p>","protected":false},"excerpt":{"rendered":"<p>En horas de la ma\u00f1ana del luensse report\u00f3 la fuga de un reo del Centro de Detenci\u00f3n del Oeste, mejor conocido como el Campamento El Lim\u00f3n, ubicado en la Carretera 105, barrio Lim\u00f3n en Mayag\u00fcez. El reo fue identificado como Claudio Olan Santiago, de 29 a\u00f1os y residente del Residencial El Recreo en San Germ\u00e1n, [&hellip;]<\/p>","protected":false},"author":0,"featured_media":377513,"comment_status":"closed","ping_status":"closed","sticky":false,"template":"","format":"standard","meta":{"_acf_changed":false,"_monsterinsights_skip_tracking":false,"ep_exclude_from_search":false,"footnotes":""},"categories":[12],"tags":[],"class_list":["post-88929","post","type-post","status-publish","format-standard","has-post-thumbnail","hentry","category-la-calle"],"acf":[],"aioseo_notices":[],"_links":{"self":[{"href":"https:\/\/noticel.com\/en\/wp-json\/wp\/v2\/posts\/88929","targetHints":{"allow":["GET"]}}],"collection":[{"href":"https:\/\/noticel.com\/en\/wp-json\/wp\/v2\/posts"}],"about":[{"href":"https:\/\/noticel.com\/en\/wp-json\/wp\/v2\/types\/post"}],"replies":[{"embeddable":true,"href":"https:\/\/noticel.com\/en\/wp-json\/wp\/v2\/comments?post=88929"}],"version-history":[{"count":1,"href":"https:\/\/noticel.com\/en\/wp-json\/wp\/v2\/posts\/88929\/revisions"}],"predecessor-version":[{"id":377515,"href":"https:\/\/noticel.com\/en\/wp-json\/wp\/v2\/posts\/88929\/revisions\/377515"}],"wp:featuredmedia":[{"embeddable":true,"href":"https:\/\/noticel.com\/en\/wp-json\/wp\/v2\/media\/377513"}],"wp:attachment":[{"href":"https:\/\/noticel.com\/en\/wp-json\/wp\/v2\/media?parent=88929"}],"wp:term":[{"taxonomy":"category","embeddable":true,"href":"https:\/\/noticel.com\/en\/wp-json\/wp\/v2\/categories?post=88929"},{"taxonomy":"post_tag","embeddable":true,"href":"https:\/\/noticel.com\/en\/wp-json\/wp\/v2\/tags?post=88929"}],"curies":[{"name":"wp","href":"https:\/\/api.w.org\/{rel}","templated":true}]}}