{"id":88809,"date":"2011-03-05T09:57:00","date_gmt":"2011-03-05T13:57:00","guid":{"rendered":"http:\/\/www.noticel.com\/la-calle\/20110305\/temblor-cerca-de-culebra\/"},"modified":"2025-07-15T21:13:33","modified_gmt":"2025-07-15T21:13:33","slug":"temblor-cerca-de-culebra","status":"publish","type":"post","link":"https:\/\/noticel.com\/en\/noticias\/la-calle\/20110305\/temblor-cerca-de-culebra\/","title":{"rendered":"Temblor cerca de Culebra"},"content":{"rendered":"<p>Un temblor con una magnitud de 3.3 grados en la escala Richter se registr\u00f3 anoche entre Culebra y las Islas V\u00edrgenes, inform\u00f3 la Red S\u00edsmica de Puerto Rico.<\/p>\n<p>El temblor se produjo a las 8:41 de la noche y el epicentro del sismo estuvo localizado a 17 millas al norte-noreste de la isla municipio de Culebra y 20 millas noroeste de Charlotte Amalie en las Islas V\u00edrgenes y a una profundidad de 32.3 millas.<\/p><div class=\"notic-content-middle\" id=\"notic-927632172\"><div class=\"notic-adlabel\">Advertisements<\/div><a data-no-instant=\"1\" href=\"https:\/\/www.asegurate-bien.com\/\" rel=\"noopener\" class=\"a2t-link\" target=\"_blank\" aria-label=\"Acodese-Adaptaciones-Noticel-300&#215;250\"><img loading=\"lazy\" decoding=\"async\" src=\"https:\/\/cdn.noticel.com\/2026\/05\/30094423\/Acodese-Adaptaciones-Noticel-300x250-1.jpg\" alt=\"\"  srcset=\"https:\/\/cdn.noticel.com\/2026\/05\/30094423\/Acodese-Adaptaciones-Noticel-300x250-1.jpg 300w, https:\/\/cdn.noticel.com\/2026\/05\/30094423\/Acodese-Adaptaciones-Noticel-300x250-1-14x12.jpg 14w\" sizes=\"(max-width: 300px) 100vw, 300px\" width=\"300\" height=\"250\"   \/><\/a><\/div>\n<p>No se report\u00f3 si fue sentido o tuvo consecuencias inmediatas.<\/p>","protected":false},"excerpt":{"rendered":"<p>Un temblor con una magnitud de 3.3 grados en la escala Richter se registr\u00f3 anoche entre Culebra y las Islas V\u00edrgenes, inform\u00f3 la Red S\u00edsmica de Puerto Rico. El temblor se produjo a las 8:41 de la noche y el epicentro del sismo estuvo localizado a 17 millas al norte-noreste de la isla municipio de [&hellip;]<\/p>","protected":false},"author":0,"featured_media":378287,"comment_status":"closed","ping_status":"closed","sticky":false,"template":"","format":"standard","meta":{"_acf_changed":false,"_monsterinsights_skip_tracking":false,"ep_exclude_from_search":false,"footnotes":""},"categories":[12],"tags":[],"class_list":["post-88809","post","type-post","status-publish","format-standard","has-post-thumbnail","hentry","category-la-calle"],"acf":[],"aioseo_notices":[],"_links":{"self":[{"href":"https:\/\/noticel.com\/en\/wp-json\/wp\/v2\/posts\/88809","targetHints":{"allow":["GET"]}}],"collection":[{"href":"https:\/\/noticel.com\/en\/wp-json\/wp\/v2\/posts"}],"about":[{"href":"https:\/\/noticel.com\/en\/wp-json\/wp\/v2\/types\/post"}],"replies":[{"embeddable":true,"href":"https:\/\/noticel.com\/en\/wp-json\/wp\/v2\/comments?post=88809"}],"version-history":[{"count":1,"href":"https:\/\/noticel.com\/en\/wp-json\/wp\/v2\/posts\/88809\/revisions"}],"predecessor-version":[{"id":378288,"href":"https:\/\/noticel.com\/en\/wp-json\/wp\/v2\/posts\/88809\/revisions\/378288"}],"wp:featuredmedia":[{"embeddable":true,"href":"https:\/\/noticel.com\/en\/wp-json\/wp\/v2\/media\/378287"}],"wp:attachment":[{"href":"https:\/\/noticel.com\/en\/wp-json\/wp\/v2\/media?parent=88809"}],"wp:term":[{"taxonomy":"category","embeddable":true,"href":"https:\/\/noticel.com\/en\/wp-json\/wp\/v2\/categories?post=88809"},{"taxonomy":"post_tag","embeddable":true,"href":"https:\/\/noticel.com\/en\/wp-json\/wp\/v2\/tags?post=88809"}],"curies":[{"name":"wp","href":"https:\/\/api.w.org\/{rel}","templated":true}]}}