{"id":88546,"date":"2015-11-24T19:35:00","date_gmt":"2015-11-24T23:35:00","guid":{"rendered":"http:\/\/www.noticel.com\/ahora\/la-calle\/20151124\/conceden-nuevo-juicio-a-pablo-casellas-toro-documento\/"},"modified":"2025-07-15T21:33:26","modified_gmt":"2025-07-15T21:33:26","slug":"conceden-nuevo-juicio-a-pablo-casellas-toro-documento","status":"publish","type":"post","link":"https:\/\/noticel.com\/en\/ultima-hora\/20151124\/conceden-nuevo-juicio-a-pablo-casellas-toro-documento\/","title":{"rendered":"Conceden nuevo juicio a Pablo Casellas Toro (documento)"},"content":{"rendered":"<p>El Tribunal de Apelaciones acogi\u00f3 hoy, martes, la solicitud de nuevo juicio de la defensa del convicto Pablo Casellas Toro, sentenciado por el asesinato de su esposa, Carmen Paredes.<\/p>\n<p>La informaci\u00f3n fue divulgada esta noche en el programa Los Seis de la Tarde por Univision.<\/p>\n<p>En marzo del a\u00f1o pasado, la defensa de Casellas Toro present\u00f3 su <a href=\"https:\/\/noticel.com\/en\/noticia\/156969\/casellas-apela-veredicto-alega-33-errores-del-juez.html\/\" target=\"_blank\">apelaci\u00f3n<\/a> del veredicto de culpabilidad que emiti\u00f3 un jurado en enero por el asesinato de su esposa y present\u00f3 su solicitud de revocaci\u00f3n del veredicto en 33 errores que el fenecido juez Jos\u00e9 Ram\u00edrez Lluch supuestamente cometi\u00f3 durante el proceso.<\/p>\n<p>Mientras, el Departamento de Justicia opin\u00f3 que el Apelativo se equivoc\u00f3 crasamente al decretar un nuevo juicio bajo el fundamento de que no se rindi\u00f3 un veredicto un\u00e1nime en el procesamiento criminal. La Oficina de la Procuradora General estar\u00e1 evaluando la sentencia para solicitar reconsideraci\u00f3n y recurrir al Tribunal Supremo de Puerto Rico, seg\u00fan confirm\u00f3 la agencia en declaraciones escritas.<\/p>\n<p>Seg\u00fan explic\u00f3 Justicia, la decisi\u00f3n de Apelaciones es errada puesto que antes y despu\u00e9s de la decisi\u00f3n del Tribunal Supremo en S\u00e1nchez Valle, la cl\u00e1usula de juicio por jurado de la Sexta Enmienda de la Constituci\u00f3n federal no requiere que en los procedimientos criminales estatales \u2013incluyendo a Puerto Rico- los veredictos de culpabilidad se emitan por voto un\u00e1nime. El requisito de unanimidad se aplica \u00fanicamente en las cortes federales. En S\u00e1nchez Valle, el Tribunal Supremo de Puerto Rico no adopt\u00f3 una nueva norma de derecho constitucional que requiera la unanimidad del veredicto de un jurado en procesamientos criminales en Puerto Rico.<\/p>\n<p>La sentencia del Tribunal de Apelaciones es contraria a las decisiones vinculantes tanto del Tribunal Supremo federal como del Tribunal Supremo de Puerto Rico que reconocen que el derecho a veredicto un\u00e1nime no es un derecho fundamental oponible a los estados o a Puerto Rico.<\/p>\n<p>La sentencia tambi\u00e9n es contraria a la jurisprudencia vinculante del Tribunal Supremo que una y otra vez ha sostenido la validez constitucional de los veredictos por mayor\u00eda en nuestro ordenamiento. El veredicto 9-3 es la norma que sigue vigente en nuestro ordenamiento y el Tribunal de Apelaciones est\u00e1 obligado a aplicarla en este caso.<\/p>\n<p>En febrero de 2014, el hijo del juez federal Salvador Casellas, fue sentenciado a <a href=\"https:\/\/noticel.com\/en\/noticia\/155381\/sentencian-a-pablo-casellas-a-109-anos-galeria.html\/\" target=\"_blank\">109 a\u00f1os<\/a> de c\u00e1rcel por el asesinato de Paredes,cargos por violaci\u00f3n a la Ley de Armas, destrucci\u00f3n de evidencia y una acusaci\u00f3n menos grave por ofrecer una declaraci\u00f3n falsa.<\/p>\n<p><a href=\"https:\/\/media.noticel.com\/o2com-noti-media-us-east-1\/document_dev\/2017\/08\/23\/e975496e1a4d3126c9dac759f672e601_8185573_ver1.0.pdf\" target=\"_blank\"> Resoluci\u00f3n Apelaciones &#8211; NotiCel_16087<\/a><\/p>","protected":false},"excerpt":{"rendered":"<p>El Tribunal de Apelaciones acogi\u00f3 hoy, martes, la solicitud de nuevo juicio de la defensa del convicto Pablo Casellas Toro, sentenciado por el asesinato de su esposa, Carmen Paredes. La informaci\u00f3n fue divulgada esta noche en el programa Los Seis de la Tarde por Univision. En marzo del a\u00f1o pasado, la defensa de Casellas Toro [&hellip;]<\/p>","protected":false},"author":0,"featured_media":379750,"comment_status":"closed","ping_status":"closed","sticky":false,"template":"","format":"standard","meta":{"_acf_changed":false,"_monsterinsights_skip_tracking":false,"ep_exclude_from_search":false,"footnotes":""},"categories":[12,2],"tags":[],"class_list":["post-88546","post","type-post","status-publish","format-standard","has-post-thumbnail","hentry","category-la-calle","category-ultima-hora"],"acf":[],"aioseo_notices":[],"_links":{"self":[{"href":"https:\/\/noticel.com\/en\/wp-json\/wp\/v2\/posts\/88546","targetHints":{"allow":["GET"]}}],"collection":[{"href":"https:\/\/noticel.com\/en\/wp-json\/wp\/v2\/posts"}],"about":[{"href":"https:\/\/noticel.com\/en\/wp-json\/wp\/v2\/types\/post"}],"replies":[{"embeddable":true,"href":"https:\/\/noticel.com\/en\/wp-json\/wp\/v2\/comments?post=88546"}],"version-history":[{"count":1,"href":"https:\/\/noticel.com\/en\/wp-json\/wp\/v2\/posts\/88546\/revisions"}],"predecessor-version":[{"id":379752,"href":"https:\/\/noticel.com\/en\/wp-json\/wp\/v2\/posts\/88546\/revisions\/379752"}],"wp:featuredmedia":[{"embeddable":true,"href":"https:\/\/noticel.com\/en\/wp-json\/wp\/v2\/media\/379750"}],"wp:attachment":[{"href":"https:\/\/noticel.com\/en\/wp-json\/wp\/v2\/media?parent=88546"}],"wp:term":[{"taxonomy":"category","embeddable":true,"href":"https:\/\/noticel.com\/en\/wp-json\/wp\/v2\/categories?post=88546"},{"taxonomy":"post_tag","embeddable":true,"href":"https:\/\/noticel.com\/en\/wp-json\/wp\/v2\/tags?post=88546"}],"curies":[{"name":"wp","href":"https:\/\/api.w.org\/{rel}","templated":true}]}}