{"id":86630,"date":"2015-03-26T13:08:55","date_gmt":"2015-03-26T17:08:55","guid":{"rendered":"http:\/\/www.noticel.com\/cuidate\/vida\/20150326\/exhortan-a-detectar-y-tratar-la-tuberculosis-a-tiempo\/"},"modified":"2025-07-16T00:01:31","modified_gmt":"2025-07-16T00:01:31","slug":"exhortan-a-detectar-y-tratar-la-tuberculosis-a-tiempo","status":"publish","type":"post","link":"https:\/\/noticel.com\/en\/vida-y-bienestar\/20150326\/exhortan-a-detectar-y-tratar-la-tuberculosis-a-tiempo\/","title":{"rendered":"Exhortan a detectar y tratar la tuberculosis a tiempo"},"content":{"rendered":"<p>Dentro del marco de la Semana Mundial de la Tuberculosis, el Departamento de Salud exhort\u00f3 el jueves, a los profesionales de la salud a considerar la tuberculosis (TB) en diagn\u00f3sticos diferenciales e identificar la condici\u00f3n en sus etapas tempranas.<\/p>\n<p>La secretaria de Salud, Ana R\u00edus Armend\u00e1riz, resalt\u00f3 el hecho de que un resultado negativo a una prueba de tuberculina o a pruebas bacteriol\u00f3gicas no se debe utilizar para descartar un diagn\u00f3stico de TB si el paciente est\u00e1 presentando otros indicadores de enfermedad como s\u00edntomas, evidencia radiol\u00f3gica y mejor\u00eda ante un tratamiento con medicamentos antituberculosos.<\/p>\n<p>&#8216;Hoy en d\u00eda, la TB es una enfermedad prevenible y sanable. Sin embargo, el 18 por ciento de los casos reportados en Puerto Rico durante el 2014 murieron durante el tratamiento, lo que nos sugiere que el diagn\u00f3stico se est\u00e1 dando cuando la enfermedad ya se encuentra en una etapa m\u00e1s avanzada&#8217;, expres\u00f3 la Epidemi\u00f3loga del Estado, Brenda Rivera Garc\u00eda en un comunicado de prensa.<\/p>\n<p>A nivel de Estados Unidos, se estima que un 15 a 20 por ciento de los casos de TB no son diagnosticados por pruebas biol\u00f3gicas y necesitan ser confirmados cl\u00ednicamente. En Puerto Rico, la proporci\u00f3n de diagn\u00f3sticos cl\u00ednicos siempre ha sido baja, es por esto que el Programa para el Control de la Tuberculosis del Departamento de Salud est\u00e1 trabajando activamente para aumentar el nivel de sospecha y diagn\u00f3stico entre los profesionales de salud, orientando a sobre mil profesionales en el tema.<\/p>\n<p>&#8216;Estamos muy complacidos con los resultados de estos esfuerzos pues el a\u00f1o calendario ha representado un aumento de un 20 por ciento, en comparaci\u00f3n con el primer trimestre del 2014, en la cantidad de casos de TB diagnosticados cl\u00ednicamente. Estos logros son el resultado de la colaboraci\u00f3n entre la comunidad m\u00e9dica y el programa&#8217;, puntualiz\u00f3 Rivera Garc\u00eda.<\/p>\n<p>La salubrista explic\u00f3 que aunque la TB puede tocarle a cualquier persona, ya que la misma se transmite por el aire, existen varios grupos de alto riesgo:<\/p><div class=\"notic-content-middle\" id=\"notic-3938782794\"><div class=\"notic-adlabel\">Advertisements<\/div><a data-no-instant=\"1\" href=\"https:\/\/www.asegurate-bien.com\/\" rel=\"noopener\" class=\"a2t-link\" target=\"_blank\" aria-label=\"Acodese-Adaptaciones-Noticel-300&#215;250\"><img loading=\"lazy\" decoding=\"async\" src=\"https:\/\/cdn.noticel.com\/2026\/05\/30094423\/Acodese-Adaptaciones-Noticel-300x250-1.jpg\" alt=\"\"  srcset=\"https:\/\/cdn.noticel.com\/2026\/05\/30094423\/Acodese-Adaptaciones-Noticel-300x250-1.jpg 300w, https:\/\/cdn.noticel.com\/2026\/05\/30094423\/Acodese-Adaptaciones-Noticel-300x250-1-14x12.jpg 14w\" sizes=\"(max-width: 300px) 100vw, 300px\" width=\"300\" height=\"250\"   \/><\/a><\/div>\n<p>&#8211; Personas que han estado en contacto reciente y cercano con una persona con TB activa<\/p>\n<p>&#8211; Personas que han nacido o han pasado un tiempo prolongado en pa\u00edses con alta incidencia de TB (Caribe, Centro y Sur Am\u00e9rica, \u00c1frica y Asia)<\/p>\n<p>&#8211; Personas con Virus de Inmunodeficiencia Humana (VIH) o un sistema inmunol\u00f3gico comprometido<\/p>\n<p>&#8211; Personas que presenten s\u00edntomas c\u00f3mo tos persistente por tres semanas o m\u00e1s, cansancio, sudoraciones nocturnas, p\u00e9rdida de apetito y p\u00e9rdida de peso sin causa aparente<\/p>\n<p>El Programa de Control de la Tuberculosis del Departamento de Salud est\u00e1 disponible no s\u00f3lo para el reporte de casos sino para atender cualquier duda o consulta acerca del posible diagn\u00f3stico de un paciente comunic\u00e1ndose al 787-765-2929 x 3861.<\/p>\n<p>Queremos resaltar que el curso Tuberculosis 101 para profesionales de la salud de los CDC est\u00e1 disponible en el siguiente enlace: www.cdc.gov\/tb\/esp\/webcourses\/tb101\/default.htm El mismo ofrece informaci\u00f3n acerca de la transmisi\u00f3n, desarrollo, diagn\u00f3stico y tratamiento de infecci\u00f3n latente y enfermedad activa.<\/p>","protected":false},"excerpt":{"rendered":"<p>Dentro del marco de la Semana Mundial de la Tuberculosis, el Departamento de Salud exhort\u00f3 el jueves, a los profesionales de la salud a considerar la tuberculosis (TB) en diagn\u00f3sticos diferenciales e identificar la condici\u00f3n en sus etapas tempranas. La secretaria de Salud, Ana R\u00edus Armend\u00e1riz, resalt\u00f3 el hecho de que un resultado negativo a [&hellip;]<\/p>","protected":false},"author":0,"featured_media":390720,"comment_status":"closed","ping_status":"closed","sticky":false,"template":"","format":"standard","meta":{"_acf_changed":false,"_monsterinsights_skip_tracking":false,"ep_exclude_from_search":false,"footnotes":""},"categories":[69],"tags":[],"class_list":["post-86630","post","type-post","status-publish","format-standard","has-post-thumbnail","hentry","category-vida-y-bienestar"],"acf":[],"aioseo_notices":[],"_links":{"self":[{"href":"https:\/\/noticel.com\/en\/wp-json\/wp\/v2\/posts\/86630","targetHints":{"allow":["GET"]}}],"collection":[{"href":"https:\/\/noticel.com\/en\/wp-json\/wp\/v2\/posts"}],"about":[{"href":"https:\/\/noticel.com\/en\/wp-json\/wp\/v2\/types\/post"}],"replies":[{"embeddable":true,"href":"https:\/\/noticel.com\/en\/wp-json\/wp\/v2\/comments?post=86630"}],"version-history":[{"count":1,"href":"https:\/\/noticel.com\/en\/wp-json\/wp\/v2\/posts\/86630\/revisions"}],"predecessor-version":[{"id":390722,"href":"https:\/\/noticel.com\/en\/wp-json\/wp\/v2\/posts\/86630\/revisions\/390722"}],"wp:featuredmedia":[{"embeddable":true,"href":"https:\/\/noticel.com\/en\/wp-json\/wp\/v2\/media\/390720"}],"wp:attachment":[{"href":"https:\/\/noticel.com\/en\/wp-json\/wp\/v2\/media?parent=86630"}],"wp:term":[{"taxonomy":"category","embeddable":true,"href":"https:\/\/noticel.com\/en\/wp-json\/wp\/v2\/categories?post=86630"},{"taxonomy":"post_tag","embeddable":true,"href":"https:\/\/noticel.com\/en\/wp-json\/wp\/v2\/tags?post=86630"}],"curies":[{"name":"wp","href":"https:\/\/api.w.org\/{rel}","templated":true}]}}