{"id":86428,"date":"2012-08-07T16:00:00","date_gmt":"2012-08-07T20:00:00","guid":{"rendered":"http:\/\/www.noticel.com\/vida\/20120807\/culpable-peter-hance-de-conducir-ebrio\/"},"modified":"2025-07-16T00:17:15","modified_gmt":"2025-07-16T00:17:15","slug":"culpable-peter-hance-de-conducir-ebrio","status":"publish","type":"post","link":"https:\/\/noticel.com\/en\/vida-y-bienestar\/20120807\/culpable-peter-hance-de-conducir-ebrio\/","title":{"rendered":"Culpable Peter Hance de conducir ebrio"},"content":{"rendered":"<p>Pedro Orta Villegas, mejor conocido como Peter Hance, fue encontrado culpable el martes por el juez, Enrique Arias Maldonado, por el art\u00edculo 701 de conducir en estado de embriaguez.<\/p>\n<p>El juicio se vio en la sala 1107 del Tribunal de Primera Instancia de San Juan, en que figur\u00f3 como testigo principal el sargento Luis W. Rodr\u00edguez, a cargo de la intervenci\u00f3n en la que el modelo fue detenido el 12 de mayo y arroj\u00f3 .14 por ciento de alcohol en la prueba de campo de aliento.<\/p>\n<p>Tras escuchar el veredicto, el artista se reafirm\u00f3 en que &#8216;el sargento minti\u00f3&#8217;.<\/p>\n<p>A Hance le dictaron una resoluci\u00f3n para un programa de desv\u00edo y de mejoramiento, por ser primer ofensor, y adem\u00e1s lo asignaron a asistir a un programa de mejoramiento del Departamento de Transportaci\u00f3n y Obras P\u00fablicas.<\/p>\n<p>Adem\u00e1s, se le va a expedir una licencia de conducir provisional para que pueda trabajar de lunes a s\u00e1bado.<\/p>\n<p>En sala, Hance no ten\u00eda la licencia de conducir, por lo que en la tarde del martes tiene que volver al tribunal y presentarla para que le expidan la licencia provisional.<\/p><div class=\"notic-content-middle\" id=\"notic-1125382314\"><div class=\"notic-adlabel\">Advertisements<\/div><a data-no-instant=\"1\" href=\"https:\/\/qrco.de\/bgxd5v\" rel=\"noopener\" class=\"a2t-link\" target=\"_blank\" aria-label=\"DisplayAds-970&#215;2502\"><img loading=\"lazy\" decoding=\"async\" src=\"https:\/\/cdn.noticel.com\/2026\/09\/02200838\/DisplayAds-970x2502-1.jpg\" alt=\"\"  srcset=\"https:\/\/cdn.noticel.com\/2026\/09\/02200838\/DisplayAds-970x2502-1.jpg 970w, https:\/\/cdn.noticel.com\/2026\/09\/02200838\/DisplayAds-970x2502-1-300x77.jpg 300w, https:\/\/cdn.noticel.com\/2026\/09\/02200838\/DisplayAds-970x2502-1-768x198.jpg 768w, https:\/\/cdn.noticel.com\/2026\/09\/02200838\/DisplayAds-970x2502-1-18x5.jpg 18w\" sizes=\"(max-width: 970px) 100vw, 970px\" width=\"970\" height=\"250\"   \/><\/a><\/div>\n<p>&#8216;Me tengo que re\u00edr, por eso las cosas est\u00e1n como est\u00e1n. C\u00f3mo le van a creer a ese c\u2026 todo los embustes que dijo ah\u00ed. El est\u00e1 mintiendo porque c\u00f3mo \u00e9l va a decir que me ofreci\u00f3 ir al hospital si fui yo el que le dije que no iba a soplar y nunca me someti\u00f3 a que me hiciera la prueba de sangre&#8217;, indic\u00f3 el modelo y actor a su salida de sala.<\/p>\n<p>Sin embargo, admiti\u00f3 que &#8216;no esperaba que me encontraran culpable, al contrario, vine con el pie derecho&#8217;.<\/p>\n<p>Sobre la decisi\u00f3n del juez, tanto Hance como su abogado, el licenciado Jos\u00e9 Franco, sostuvieron que aunque discrepan, respetan la decisi\u00f3n.<\/p>\n<p>El sargento Rodr\u00edguez, tambi\u00e9n a su salida se\u00f1al\u00f3 que \u00e9l no es un mentiroso, &#8216;el juez me crey\u00f3 y eso no es un asunto personal, por ser \u00e9l una figura p\u00fablica&#8217;.<\/p>\n<p>Hance fue detenido cuando manejaba su veh\u00edculo por la carretera PR-948, de Caguas a R\u00edo Piedras.<\/p>\n<p>De no cumplir con el programa de desv\u00edo, se expone a una pena de 15 d\u00edas de c\u00e1rcel.<\/p>","protected":false},"excerpt":{"rendered":"<p>Pedro Orta Villegas, mejor conocido como Peter Hance, fue encontrado culpable el martes por el juez, Enrique Arias Maldonado, por el art\u00edculo 701 de conducir en estado de embriaguez. El juicio se vio en la sala 1107 del Tribunal de Primera Instancia de San Juan, en que figur\u00f3 como testigo principal el sargento Luis W. [&hellip;]<\/p>","protected":false},"author":0,"featured_media":391849,"comment_status":"closed","ping_status":"closed","sticky":false,"template":"","format":"standard","meta":{"_acf_changed":false,"_monsterinsights_skip_tracking":false,"ep_exclude_from_search":false,"footnotes":""},"categories":[69],"tags":[],"class_list":["post-86428","post","type-post","status-publish","format-standard","has-post-thumbnail","hentry","category-vida-y-bienestar"],"acf":[],"aioseo_notices":[],"_links":{"self":[{"href":"https:\/\/noticel.com\/en\/wp-json\/wp\/v2\/posts\/86428","targetHints":{"allow":["GET"]}}],"collection":[{"href":"https:\/\/noticel.com\/en\/wp-json\/wp\/v2\/posts"}],"about":[{"href":"https:\/\/noticel.com\/en\/wp-json\/wp\/v2\/types\/post"}],"replies":[{"embeddable":true,"href":"https:\/\/noticel.com\/en\/wp-json\/wp\/v2\/comments?post=86428"}],"version-history":[{"count":1,"href":"https:\/\/noticel.com\/en\/wp-json\/wp\/v2\/posts\/86428\/revisions"}],"predecessor-version":[{"id":391850,"href":"https:\/\/noticel.com\/en\/wp-json\/wp\/v2\/posts\/86428\/revisions\/391850"}],"wp:featuredmedia":[{"embeddable":true,"href":"https:\/\/noticel.com\/en\/wp-json\/wp\/v2\/media\/391849"}],"wp:attachment":[{"href":"https:\/\/noticel.com\/en\/wp-json\/wp\/v2\/media?parent=86428"}],"wp:term":[{"taxonomy":"category","embeddable":true,"href":"https:\/\/noticel.com\/en\/wp-json\/wp\/v2\/categories?post=86428"},{"taxonomy":"post_tag","embeddable":true,"href":"https:\/\/noticel.com\/en\/wp-json\/wp\/v2\/tags?post=86428"}],"curies":[{"name":"wp","href":"https:\/\/api.w.org\/{rel}","templated":true}]}}