{"id":84911,"date":"2014-08-21T00:00:00","date_gmt":"2014-08-21T04:00:00","guid":{"rendered":"http:\/\/www.noticel.com\/la-calle\/20140821\/alcalde-de-humacao-entre-la-verguenza-por-su-hijo-y-la-indignacion-por-atro-2\/"},"modified":"2025-07-16T02:12:30","modified_gmt":"2025-07-16T02:12:30","slug":"alcalde-de-humacao-entre-la-verguenza-por-su-hijo-y-la-indignacion-por-atro-2","status":"publish","type":"post","link":"https:\/\/noticel.com\/en\/noticias\/la-calle\/20140821\/alcalde-de-humacao-entre-la-verguenza-por-su-hijo-y-la-indignacion-por-atro-2\/","title":{"rendered":"Alcalde de Humacao entre la verg\u00fcenza por su hijo y la indignaci\u00f3n por atro"},"content":{"rendered":"<p><i>Alcalde de Humacao entre la verg\u00fcenza por su&#8230;<\/i><\/p><div class=\"notic-content-middle\" id=\"notic-2156545079\"><div class=\"notic-adlabel\">Advertisements<\/div><a data-no-instant=\"1\" href=\"https:\/\/www.cst.pr.gov\/\" rel=\"noopener\" class=\"a2t-link\" target=\"_blank\" aria-label=\"970&#215;90\"><img loading=\"lazy\" decoding=\"async\" src=\"https:\/\/cdn.noticel.com\/2026\/09\/02204026\/970x90-1.jpg\" alt=\"\"  srcset=\"https:\/\/cdn.noticel.com\/2026\/09\/02204026\/970x90-1.jpg 970w, https:\/\/cdn.noticel.com\/2026\/09\/02204026\/970x90-1-300x28.jpg 300w, https:\/\/cdn.noticel.com\/2026\/09\/02204026\/970x90-1-768x71.jpg 768w, https:\/\/cdn.noticel.com\/2026\/09\/02204026\/970x90-1-18x2.jpg 18w\" sizes=\"(max-width: 970px) 100vw, 970px\" width=\"970\" height=\"90\"   \/><\/a><\/div>","protected":false},"excerpt":{"rendered":"<p>Alcalde de Humacao entre la verg\u00fcenza por su&#8230;<\/p>","protected":false},"author":0,"featured_media":400232,"comment_status":"closed","ping_status":"closed","sticky":false,"template":"","format":"standard","meta":{"_acf_changed":false,"_monsterinsights_skip_tracking":false,"ep_exclude_from_search":false,"footnotes":""},"categories":[12],"tags":[],"class_list":["post-84911","post","type-post","status-publish","format-standard","has-post-thumbnail","hentry","category-la-calle"],"acf":[],"aioseo_notices":[],"_links":{"self":[{"href":"https:\/\/noticel.com\/en\/wp-json\/wp\/v2\/posts\/84911","targetHints":{"allow":["GET"]}}],"collection":[{"href":"https:\/\/noticel.com\/en\/wp-json\/wp\/v2\/posts"}],"about":[{"href":"https:\/\/noticel.com\/en\/wp-json\/wp\/v2\/types\/post"}],"replies":[{"embeddable":true,"href":"https:\/\/noticel.com\/en\/wp-json\/wp\/v2\/comments?post=84911"}],"version-history":[{"count":1,"href":"https:\/\/noticel.com\/en\/wp-json\/wp\/v2\/posts\/84911\/revisions"}],"predecessor-version":[{"id":400240,"href":"https:\/\/noticel.com\/en\/wp-json\/wp\/v2\/posts\/84911\/revisions\/400240"}],"wp:featuredmedia":[{"embeddable":true,"href":"https:\/\/noticel.com\/en\/wp-json\/wp\/v2\/media\/400232"}],"wp:attachment":[{"href":"https:\/\/noticel.com\/en\/wp-json\/wp\/v2\/media?parent=84911"}],"wp:term":[{"taxonomy":"category","embeddable":true,"href":"https:\/\/noticel.com\/en\/wp-json\/wp\/v2\/categories?post=84911"},{"taxonomy":"post_tag","embeddable":true,"href":"https:\/\/noticel.com\/en\/wp-json\/wp\/v2\/tags?post=84911"}],"curies":[{"name":"wp","href":"https:\/\/api.w.org\/{rel}","templated":true}]}}