{"id":84722,"date":"2016-02-23T08:20:00","date_gmt":"2016-02-23T12:20:00","guid":{"rendered":"http:\/\/www.noticel.com\/ahora\/20160223\/bhatia-justifica-confirmacion-expreso-de-oronoz\/"},"modified":"2025-07-16T02:34:47","modified_gmt":"2025-07-16T02:34:47","slug":"bhatia-justifica-confirmacion-expreso-de-oronoz","status":"publish","type":"post","link":"https:\/\/noticel.com\/en\/ultima-hora\/20160223\/bhatia-justifica-confirmacion-expreso-de-oronoz\/","title":{"rendered":"Bhatia justifica confirmaci\u00f3n expreso de Oronoz"},"content":{"rendered":"<p>El presidente del Senado, Eduardo Bhatia, explic\u00f3 el martes que decidi\u00f3 atender por descargue el nombramiento de Maite Oronoz como jueza presidenta del Tribunal Supremo de Puerto Rico (TSPR), pues hab\u00eda recibido informaci\u00f3n de que los senadores penepes y la mayor\u00eda de los jueces asociados de ese foro supuestamente gestaban detener el proceso para nombrar ellos al nuevo l\u00edder de la Rama Judicial.<\/p>\n<p>&#8216;La pregunta es: la responsabilidad m\u00eda es tratar de evitar que haya una crisis constitucional en Puerto Rico, donde el Tribunal Supremo le ordenar\u00eda detener el proceso de vistas p\u00fablicas al Senado de Puerto Rico? Tengo informaci\u00f3n fidedigna de que esa posibilidad era real y esa posibilidad era una agenda de algunos senadores del Partido Nuevo Progresista y de alguna gente que estaban confabul\u00e1ndose con algunos abogados y aparentemente estaban recibiendo unos o\u00eddos bastante receptivos en algunas personas que ocupan hoy la posici\u00f3n de jueces del Supremo&#8217;, dijo Bhatia en entrevista radial (WKAQ).<\/p>\n<p>El Senado confirm\u00f3 en la tarde del lunes, con 15 votos a favor y 12 en contra, el nombramiento de Oronoz como jueza presidenta del TSPR, luego de que utilizaran el mecanismo de descargue.<\/p>\n<p>&#8216;\u2026pretend\u00edan usurpar el derecho del gobernador de nombrar al juez presidente&#8217;, agreg\u00f3 Bhatia.<\/p><div class=\"notic-content-middle\" id=\"notic-1045411765\"><div class=\"notic-adlabel\">Advertisements<\/div><a data-no-instant=\"1\" href=\"https:\/\/www.asegurate-bien.com\/\" rel=\"noopener\" class=\"a2t-link\" target=\"_blank\" aria-label=\"Acodese-Adaptaciones-Noticel-728&#215;90\"><img loading=\"lazy\" decoding=\"async\" src=\"https:\/\/cdn.noticel.com\/2026\/07\/30095222\/Acodese-Adaptaciones-Noticel-728x90-1.jpg\" alt=\"\"  srcset=\"https:\/\/cdn.noticel.com\/2026\/07\/30095222\/Acodese-Adaptaciones-Noticel-728x90-1.jpg 728w, https:\/\/cdn.noticel.com\/2026\/07\/30095222\/Acodese-Adaptaciones-Noticel-728x90-1-300x37.jpg 300w, https:\/\/cdn.noticel.com\/2026\/07\/30095222\/Acodese-Adaptaciones-Noticel-728x90-1-18x2.jpg 18w\" sizes=\"(max-width: 728px) 100vw, 728px\" width=\"728\" height=\"90\"   \/><\/a><\/div>\n<p>Explic\u00f3 que la supuesta movida se gestar\u00eda ante la postura de que el nombramiento de juez presidente del alto foro judicial deber\u00eda estar en manos de los jueces asociados y no del Senado ni del ejecutivo. Aleg\u00f3 que esa posibilidad no est\u00e1 contemplada en la Constituci\u00f3n.<\/p>\n<p>&#8216;Yo ten\u00eda que atender ese asunto. Hubo un caucus de mi partido al mediod\u00eda de emergencia porque la informaci\u00f3n que nos estaba llegando precisamente era que hab\u00eda una disposici\u00f3n, disponibilidad de alguna de las personas que hay en el Tribunal Supremo, que ellos mismos cuestionan y quieren abrogarse el poder de nominar y nombrar al juez presidente fuera de lo que dicen las leyes tradicionales de Puerto Rico&#8217;, relat\u00f3 el l\u00edder senatorial.<\/p>\n<p>Sin embargo, Bhatia acept\u00f3 que la confirmaci\u00f3n del nombramiento mediante el mecanismo de descargue &#8216;es algo totalmente excepcional, totalmente distinto, totalmente \u00fanico. Por qu\u00e9? \u2026 si se esperaba al d\u00eda de hoy iba a crearse una crisis constitucional&#8217;.<\/p>\n<p>&#8216;So color de que son jueces del Supremo, todo lo que digan va a ser la ley del pa\u00eds? Yo creo que aqu\u00ed hay que tener mucho cuidado. Hay que proteger y defender al Tribunal Supremo pero el Supremo no puede abrogarse algunas facultades para determinar qui\u00e9n va a ser el pr\u00f3ximo juez presidente del Tribunal Supremo&#8217;, finaliz\u00f3.<\/p>","protected":false},"excerpt":{"rendered":"<p>El presidente del Senado, Eduardo Bhatia, explic\u00f3 el martes que decidi\u00f3 atender por descargue el nombramiento de Maite Oronoz como jueza presidenta del Tribunal Supremo de Puerto Rico (TSPR), pues hab\u00eda recibido informaci\u00f3n de que los senadores penepes y la mayor\u00eda de los jueces asociados de ese foro supuestamente gestaban detener el proceso para nombrar [&hellip;]<\/p>","protected":false},"author":0,"featured_media":401667,"comment_status":"closed","ping_status":"closed","sticky":false,"template":"","format":"standard","meta":{"_acf_changed":false,"_monsterinsights_skip_tracking":false,"ep_exclude_from_search":false,"footnotes":""},"categories":[2],"tags":[],"class_list":["post-84722","post","type-post","status-publish","format-standard","has-post-thumbnail","hentry","category-ultima-hora"],"acf":[],"aioseo_notices":[],"_links":{"self":[{"href":"https:\/\/noticel.com\/en\/wp-json\/wp\/v2\/posts\/84722","targetHints":{"allow":["GET"]}}],"collection":[{"href":"https:\/\/noticel.com\/en\/wp-json\/wp\/v2\/posts"}],"about":[{"href":"https:\/\/noticel.com\/en\/wp-json\/wp\/v2\/types\/post"}],"replies":[{"embeddable":true,"href":"https:\/\/noticel.com\/en\/wp-json\/wp\/v2\/comments?post=84722"}],"version-history":[{"count":1,"href":"https:\/\/noticel.com\/en\/wp-json\/wp\/v2\/posts\/84722\/revisions"}],"predecessor-version":[{"id":401669,"href":"https:\/\/noticel.com\/en\/wp-json\/wp\/v2\/posts\/84722\/revisions\/401669"}],"wp:featuredmedia":[{"embeddable":true,"href":"https:\/\/noticel.com\/en\/wp-json\/wp\/v2\/media\/401667"}],"wp:attachment":[{"href":"https:\/\/noticel.com\/en\/wp-json\/wp\/v2\/media?parent=84722"}],"wp:term":[{"taxonomy":"category","embeddable":true,"href":"https:\/\/noticel.com\/en\/wp-json\/wp\/v2\/categories?post=84722"},{"taxonomy":"post_tag","embeddable":true,"href":"https:\/\/noticel.com\/en\/wp-json\/wp\/v2\/tags?post=84722"}],"curies":[{"name":"wp","href":"https:\/\/api.w.org\/{rel}","templated":true}]}}