{"id":84613,"date":"2020-03-11T18:26:00","date_gmt":"2020-03-11T22:26:00","guid":{"rendered":"https:\/\/www.noticel.com\/el-tiempo\/20200311\/advierten-sobre-inundaciones-en-zona-metro-y-oeste\/"},"modified":"2025-07-16T02:48:04","modified_gmt":"2025-07-16T02:48:04","slug":"advierten-sobre-inundaciones-en-zona-metro-y-oeste","status":"publish","type":"post","link":"https:\/\/noticel.com\/en\/el-tiempo\/20200311\/advierten-sobre-inundaciones-en-zona-metro-y-oeste\/","title":{"rendered":"Advierten sobre inundaciones en zona metro y oeste"},"content":{"rendered":"<p>El Servicio Nacional de Meteorolog\u00eda (SNM) en San Juan, emiti\u00f3 el mi\u00e9rcoles, una advertencia de inundaciones para cinco municipios de la zona metropolitana.<\/p>\n<p>Seg\u00fan el SNM, los municipios de Trujillo Alto, San Juan, Guaynabo, Bayam\u00f3n y Cata\u00f1o estar\u00e1n bajo advertencia de inundaciones hasta las 6:30 de la tarde.<\/p>\n<p>A eso de las 4:26 de la tarde, el Radar Doppler detect\u00f3 lluvias fuertes bajo la zona advertida.<\/p>\n<p>Por otro lado, tambi\u00e9n se emiti\u00f3 una advertencia de inundaciones para cuatro municipios de la zona oeste.<\/p><div class=\"notic-content-middle\" id=\"notic-2772778076\"><div class=\"notic-adlabel\">Advertisements<\/div><a data-no-instant=\"1\" href=\"https:\/\/qrco.de\/bgxd5v\" rel=\"noopener\" class=\"a2t-link\" target=\"_blank\" aria-label=\"DisplayAds-970&#215;250\"><img loading=\"lazy\" decoding=\"async\" src=\"https:\/\/cdn.noticel.com\/2026\/09\/02200716\/DisplayAds-970x250-1.jpg\" alt=\"\"  srcset=\"https:\/\/cdn.noticel.com\/2026\/09\/02200716\/DisplayAds-970x250-1.jpg 970w, https:\/\/cdn.noticel.com\/2026\/09\/02200716\/DisplayAds-970x250-1-300x77.jpg 300w, https:\/\/cdn.noticel.com\/2026\/09\/02200716\/DisplayAds-970x250-1-768x198.jpg 768w, https:\/\/cdn.noticel.com\/2026\/09\/02200716\/DisplayAds-970x250-1-18x5.jpg 18w\" sizes=\"(max-width: 970px) 100vw, 970px\" width=\"970\" height=\"250\"   \/><\/a><\/div>\n<p>Seg\u00fan el SNM, los municipios de A\u00f1asco, Mayag\u00fcez, San Germ\u00e1n y Hormigueros estar\u00e1n bajo advertencia de inundaciones hasta las 7:00 de la noche.<\/p>\n<p>A eso de las 4:58 de la tarde, el Radar Doppler detect\u00f3 lluvias fuertes bajo la zona advertida.<\/p>\n<p>El SNM exhort\u00f3 a tomar precauci\u00f3n.<\/p>","protected":false},"excerpt":{"rendered":"<p>El Servicio Nacional de Meteorolog\u00eda (SNM) en San Juan, emiti\u00f3 el mi\u00e9rcoles, una advertencia de inundaciones para cinco municipios de la zona metropolitana. Seg\u00fan el SNM, los municipios de Trujillo Alto, San Juan, Guaynabo, Bayam\u00f3n y Cata\u00f1o estar\u00e1n bajo advertencia de inundaciones hasta las 6:30 de la tarde. A eso de las 4:26 de la [&hellip;]<\/p>","protected":false},"author":0,"featured_media":402568,"comment_status":"closed","ping_status":"closed","sticky":false,"template":"","format":"standard","meta":{"_acf_changed":false,"_monsterinsights_skip_tracking":false,"ep_exclude_from_search":false,"footnotes":""},"categories":[18],"tags":[],"class_list":["post-84613","post","type-post","status-publish","format-standard","has-post-thumbnail","hentry","category-el-tiempo"],"acf":[],"aioseo_notices":[],"_links":{"self":[{"href":"https:\/\/noticel.com\/en\/wp-json\/wp\/v2\/posts\/84613","targetHints":{"allow":["GET"]}}],"collection":[{"href":"https:\/\/noticel.com\/en\/wp-json\/wp\/v2\/posts"}],"about":[{"href":"https:\/\/noticel.com\/en\/wp-json\/wp\/v2\/types\/post"}],"replies":[{"embeddable":true,"href":"https:\/\/noticel.com\/en\/wp-json\/wp\/v2\/comments?post=84613"}],"version-history":[{"count":1,"href":"https:\/\/noticel.com\/en\/wp-json\/wp\/v2\/posts\/84613\/revisions"}],"predecessor-version":[{"id":402571,"href":"https:\/\/noticel.com\/en\/wp-json\/wp\/v2\/posts\/84613\/revisions\/402571"}],"wp:featuredmedia":[{"embeddable":true,"href":"https:\/\/noticel.com\/en\/wp-json\/wp\/v2\/media\/402568"}],"wp:attachment":[{"href":"https:\/\/noticel.com\/en\/wp-json\/wp\/v2\/media?parent=84613"}],"wp:term":[{"taxonomy":"category","embeddable":true,"href":"https:\/\/noticel.com\/en\/wp-json\/wp\/v2\/categories?post=84613"},{"taxonomy":"post_tag","embeddable":true,"href":"https:\/\/noticel.com\/en\/wp-json\/wp\/v2\/tags?post=84613"}],"curies":[{"name":"wp","href":"https:\/\/api.w.org\/{rel}","templated":true}]}}