{"id":84555,"date":"2016-11-20T14:12:00","date_gmt":"2016-11-20T18:12:00","guid":{"rendered":"https:\/\/www.noticel.com\/binge\/pop\/vida\/20161120\/binoche-igualdad-de-genero-debe-ser-la-regla-y-no-la-excepcion-en-el-cine\/"},"modified":"2025-07-16T02:55:48","modified_gmt":"2025-07-16T02:55:48","slug":"binoche-igualdad-de-genero-debe-ser-la-regla-y-no-la-excepcion-en-el-cine","status":"publish","type":"post","link":"https:\/\/noticel.com\/en\/vida-y-bienestar\/20161120\/binoche-igualdad-de-genero-debe-ser-la-regla-y-no-la-excepcion-en-el-cine\/","title":{"rendered":"Binoche: igualdad de g\u00e9nero debe ser la regla y no la excepci\u00f3n en el cine"},"content":{"rendered":"<p>Madrid &#8211; Bajo la premisa &#8216;Esto no va en contra de los hombres&#8217;, la actriz francesa Juliette Binoche recogi\u00f3 ayer el premio Women in Action, un galard\u00f3n que recibe como reconocimiento a su trabajo a favor de la igualdad de genero en el sector audiovisual.<\/p>\n<p>&#8216;Y hay que decirlo, es importante&#8217;, enfatiz\u00f3 Binoche a Efe, porque para ella esta lucha no conlleva un &#8216;feminismo feroz&#8217;, sino que es su manera de explicar a la gente que hay una &#8216;necesidad de demostrar e introducir lo femenino en este mundo&#8217;.<\/p>\n<p>&#8216;La madre naturaleza nos ense\u00f1a que no podemos constantemente estar destruyendo y conquistando el planeta sin que haya consecuencias&#8217;, puntualiz\u00f3 la ganadora de un \u00d3scar por The English Patient.<\/p>\n<p>Con este discurso femenino, que no feminista, la int\u00e9rprete se convirti\u00f3 en la primera en recibir este galard\u00f3n concedido por la Asociaci\u00f3n de Mujeres Cineastas y de Medios Audiovisuales y la Fundaci\u00f3n Telef\u00f3nica. Y lo hizo tambi\u00e9n, tras la clase magistral que impartir\u00e1 la cineasta espa\u00f1ola Isabel Coixet, con la que la actriz francesa trabaj\u00f3 en &#8216;Nadie quiere la noche&#8217;.<\/p>\n<p>El jurado de Women in Action decidi\u00f3 reconocer a Binoche por su conciencia de que &#8216;la igualdad de g\u00e9nero debe ser la regla y no la excepci\u00f3n&#8217; y su contribuci\u00f3n al cambio con la creaci\u00f3n de la productora We do it Together, donde tambi\u00e9n cuentan con la colaboraci\u00f3n de la espa\u00f1ola Pen\u00e9lope Cruz.<\/p>\n<p>Esta iniciativa la ha puesto en marcha junto con otras mujeres y hombres para impulsar proyectos de cine y televisi\u00f3n que &#8216;empoderen a las mujeres&#8217;, porque se trata de una actriz y productora &#8216;convencida&#8217; de que en el mundo &#8216;ha reinado la energ\u00eda masculina&#8217; y se &#8216;ha dejado de lado lo femenino&#8217;, una situaci\u00f3n en la que el cine tiene mucho que ver.<\/p>\n<p>&#8216;El mundo del cine es importante porque entra en la casa de la gente, en su conciencia, en su memoria. Creo que las pel\u00edculas deber\u00edan de entrar en ese mundo femenino para que cambie el mundo, para que no sea el final de nuestra historia&#8217;, a\u00f1adi\u00f3.<\/p><div class=\"notic-content-middle\" id=\"notic-722411216\"><div class=\"notic-adlabel\">Advertisements<\/div><a data-no-instant=\"1\" href=\"https:\/\/qrco.de\/bgxd5v\" rel=\"noopener\" class=\"a2t-link\" target=\"_blank\" aria-label=\"DisplayAd-728&#215;903\"><img loading=\"lazy\" decoding=\"async\" src=\"https:\/\/cdn.noticel.com\/2026\/09\/02195509\/DisplayAd-728x903-1.jpg\" alt=\"\"  srcset=\"https:\/\/cdn.noticel.com\/2026\/09\/02195509\/DisplayAd-728x903-1.jpg 728w, https:\/\/cdn.noticel.com\/2026\/09\/02195509\/DisplayAd-728x903-1-300x37.jpg 300w, https:\/\/cdn.noticel.com\/2026\/09\/02195509\/DisplayAd-728x903-1-18x2.jpg 18w\" sizes=\"(max-width: 728px) 100vw, 728px\" width=\"728\" height=\"90\"   \/><\/a><\/div>\n<p>Y qu\u00e9 significa lo femenino en el mundo del cine? Seg\u00fan Binoche, es &#8216;entrar en zonas que asustan, una zona escondida, en la sombra. Y entonces lo femenino significa emociones que no hemos vivido, que no hemos ense\u00f1ado&#8217;, agrega. Por lo tanto, expone, lo que la mujer &#8216;puede dar&#8217; al cine es &#8216;otra manera de percibir las cosas&#8217;.<\/p>\n<p>Pero, tal y como enfatiza, tambi\u00e9n ha sido testigo de c\u00f3mo &#8216;algunos directores&#8217; dicen que las mujeres &#8216;no tienen el poder de los hombres&#8217;, que &#8216;no sabe dirigir&#8217;: &#8216;Miren en la Historia cuantas directoras o cient\u00edficas hay! No olvidemos que la educaci\u00f3n desempe\u00f1\u00f3 un papel muy importante y necesitamos paciencia&#8217;.<\/p>\n<p>En este sentido, si lo &#8216;masculino no mira a lo femenino&#8217;, no se podr\u00e1 &#8216;cambiar&#8217; y se seguir\u00e1 viviendo en un &#8216;mundo animal, el de la conquista, el poder, la posesi\u00f3n, el de yo llevo toda la raz\u00f3n&#8217;.<\/p>\n<p>&#8216;Los hombres y las mujeres estamos m\u00e1s cerca de lo que pensamos, pero por supuesto hay discriminaciones y diferencias que no se pueden aceptar, como los salarios o los privilegios que se dan a los hombres. Pero tambi\u00e9n debemos saber que hay diferencias y que como mujeres no podemos pedir lo mismo que los hombres, porque tenemos otra forma de vivir las cosas&#8217;, expresa.<\/p>\n<p>Binoche reconoce tambi\u00e9n que se necesita &#8216;m\u00e1s ayuda&#8217; por parte de las mujeres, porque en algunos casos \u00e9stas tienen una &#8216;forma de pensar muy masculina&#8217;.<\/p>\n<p>&#8216;La evoluci\u00f3n ser\u00e1 individual -concluye- pero no significa que cada uno lo haga por su lado. Es la madre la que se ocupa del ni\u00f1o, pero con unas viejas ideas arcaicas que dicen que lo masculino es lo fuerte y lo femenino, d\u00e9bil. Necesitaremos tiempo para cambiarlo, pero es posible&#8217;.<\/p>","protected":false},"excerpt":{"rendered":"<p>Madrid &#8211; Bajo la premisa &#8216;Esto no va en contra de los hombres&#8217;, la actriz francesa Juliette Binoche recogi\u00f3 ayer el premio Women in Action, un galard\u00f3n que recibe como reconocimiento a su trabajo a favor de la igualdad de genero en el sector audiovisual. &#8216;Y hay que decirlo, es importante&#8217;, enfatiz\u00f3 Binoche a Efe, [&hellip;]<\/p>","protected":false},"author":0,"featured_media":403103,"comment_status":"closed","ping_status":"closed","sticky":false,"template":"","format":"standard","meta":{"_acf_changed":false,"_monsterinsights_skip_tracking":false,"ep_exclude_from_search":false,"footnotes":""},"categories":[69],"tags":[],"class_list":["post-84555","post","type-post","status-publish","format-standard","has-post-thumbnail","hentry","category-vida-y-bienestar"],"acf":[],"aioseo_notices":[],"_links":{"self":[{"href":"https:\/\/noticel.com\/en\/wp-json\/wp\/v2\/posts\/84555","targetHints":{"allow":["GET"]}}],"collection":[{"href":"https:\/\/noticel.com\/en\/wp-json\/wp\/v2\/posts"}],"about":[{"href":"https:\/\/noticel.com\/en\/wp-json\/wp\/v2\/types\/post"}],"replies":[{"embeddable":true,"href":"https:\/\/noticel.com\/en\/wp-json\/wp\/v2\/comments?post=84555"}],"version-history":[{"count":1,"href":"https:\/\/noticel.com\/en\/wp-json\/wp\/v2\/posts\/84555\/revisions"}],"predecessor-version":[{"id":403106,"href":"https:\/\/noticel.com\/en\/wp-json\/wp\/v2\/posts\/84555\/revisions\/403106"}],"wp:featuredmedia":[{"embeddable":true,"href":"https:\/\/noticel.com\/en\/wp-json\/wp\/v2\/media\/403103"}],"wp:attachment":[{"href":"https:\/\/noticel.com\/en\/wp-json\/wp\/v2\/media?parent=84555"}],"wp:term":[{"taxonomy":"category","embeddable":true,"href":"https:\/\/noticel.com\/en\/wp-json\/wp\/v2\/categories?post=84555"},{"taxonomy":"post_tag","embeddable":true,"href":"https:\/\/noticel.com\/en\/wp-json\/wp\/v2\/tags?post=84555"}],"curies":[{"name":"wp","href":"https:\/\/api.w.org\/{rel}","templated":true}]}}