{"id":84384,"date":"2018-07-24T17:31:58","date_gmt":"2018-07-24T21:31:58","guid":{"rendered":"http:\/\/www.noticel.com\/ahora\/gobierno\/la-calle\/video\/20180724\/gobernador-admite-no-inspecciono-los-vagones-del-ncf\/"},"modified":"2025-07-16T03:12:09","modified_gmt":"2025-07-16T03:12:09","slug":"gobernador-admite-no-inspecciono-los-vagones-del-ncf","status":"publish","type":"post","link":"https:\/\/noticel.com\/en\/ultima-hora\/20180724\/gobernador-admite-no-inspecciono-los-vagones-del-ncf\/","title":{"rendered":"Gobernador admite no inspeccion\u00f3 los vagones del NCF"},"content":{"rendered":"<p><i>No mir\u00f3 la condici\u00f3n en su interior<\/i><\/p><div class=\"notic-content-middle\" id=\"notic-1162775783\"><div class=\"notic-adlabel\">Advertisements<\/div><a data-no-instant=\"1\" href=\"https:\/\/qrco.de\/bgxd5v\" rel=\"noopener\" class=\"a2t-link\" target=\"_blank\" aria-label=\"DisplayAd-970&#215;902\"><img loading=\"lazy\" decoding=\"async\" src=\"https:\/\/cdn.noticel.com\/2026\/09\/02200210\/DisplayAd-970x902-1.jpg\" alt=\"\"  srcset=\"https:\/\/cdn.noticel.com\/2026\/09\/02200210\/DisplayAd-970x902-1.jpg 970w, https:\/\/cdn.noticel.com\/2026\/09\/02200210\/DisplayAd-970x902-1-300x28.jpg 300w, https:\/\/cdn.noticel.com\/2026\/09\/02200210\/DisplayAd-970x902-1-768x71.jpg 768w, https:\/\/cdn.noticel.com\/2026\/09\/02200210\/DisplayAd-970x902-1-18x2.jpg 18w\" sizes=\"(max-width: 970px) 100vw, 970px\" width=\"970\" height=\"90\"   \/><\/a><\/div>\n<p>El gobernador Ricardo Rossell\u00f3 admiti\u00f3 en conferencia de prensa que no inspeccion\u00f3 el interior de los vagones que almacenan cad\u00e1veres en las afueras del Negociado de Ciencias Forenses (NCF) durante una visita sorpresa que hizo el s\u00e1bado a las instalaciones. Vea tambi\u00e9n: Legisladores sorprenden al Negociado de Ciencias Forenses<\/p>","protected":false},"excerpt":{"rendered":"<p>No mir\u00f3 la condici\u00f3n en su interior El gobernador Ricardo Rossell\u00f3 admiti\u00f3 en conferencia de prensa que no inspeccion\u00f3 el interior de los vagones que almacenan cad\u00e1veres en las afueras del Negociado de Ciencias Forenses (NCF) durante una visita sorpresa que hizo el s\u00e1bado a las instalaciones. Vea tambi\u00e9n: Legisladores sorprenden al Negociado de Ciencias [&hellip;]<\/p>","protected":false},"author":0,"featured_media":404135,"comment_status":"closed","ping_status":"closed","sticky":false,"template":"","format":"standard","meta":{"_acf_changed":false,"_monsterinsights_skip_tracking":false,"ep_exclude_from_search":false,"footnotes":""},"categories":[4,12,2,61],"tags":[],"class_list":["post-84384","post","type-post","status-publish","format-standard","has-post-thumbnail","hentry","category-gobierno","category-la-calle","category-ultima-hora","category-video"],"acf":[],"aioseo_notices":[],"_links":{"self":[{"href":"https:\/\/noticel.com\/en\/wp-json\/wp\/v2\/posts\/84384","targetHints":{"allow":["GET"]}}],"collection":[{"href":"https:\/\/noticel.com\/en\/wp-json\/wp\/v2\/posts"}],"about":[{"href":"https:\/\/noticel.com\/en\/wp-json\/wp\/v2\/types\/post"}],"replies":[{"embeddable":true,"href":"https:\/\/noticel.com\/en\/wp-json\/wp\/v2\/comments?post=84384"}],"version-history":[{"count":1,"href":"https:\/\/noticel.com\/en\/wp-json\/wp\/v2\/posts\/84384\/revisions"}],"predecessor-version":[{"id":404138,"href":"https:\/\/noticel.com\/en\/wp-json\/wp\/v2\/posts\/84384\/revisions\/404138"}],"wp:featuredmedia":[{"embeddable":true,"href":"https:\/\/noticel.com\/en\/wp-json\/wp\/v2\/media\/404135"}],"wp:attachment":[{"href":"https:\/\/noticel.com\/en\/wp-json\/wp\/v2\/media?parent=84384"}],"wp:term":[{"taxonomy":"category","embeddable":true,"href":"https:\/\/noticel.com\/en\/wp-json\/wp\/v2\/categories?post=84384"},{"taxonomy":"post_tag","embeddable":true,"href":"https:\/\/noticel.com\/en\/wp-json\/wp\/v2\/tags?post=84384"}],"curies":[{"name":"wp","href":"https:\/\/api.w.org\/{rel}","templated":true}]}}