{"id":83595,"date":"2015-05-14T00:00:00","date_gmt":"2015-05-14T04:00:00","guid":{"rendered":"https:\/\/www.noticel.com\/vida\/20150514\/buika-se-presentara-en-el-teatro-de-la-upr\/"},"modified":"2025-07-16T04:45:40","modified_gmt":"2025-07-16T04:45:40","slug":"buika-se-presentara-en-el-teatro-de-la-upr","status":"publish","type":"post","link":"https:\/\/noticel.com\/en\/vida-y-bienestar\/20150514\/buika-se-presentara-en-el-teatro-de-la-upr\/","title":{"rendered":"Buika se presentar\u00e1 en el teatro de la UPR"},"content":{"rendered":"<p>La cantante Buika tendr\u00e1 un concierto este verano en el teatro de la Universidad de Puerto Rico en R\u00edo Piedras.<\/p>\n<p>Los boletos del encuentro, que ser\u00e1 el 20 de junio, ya est\u00e1n a la venta en Ticket Center.<\/p><div class=\"notic-content-middle\" id=\"notic-2753644511\"><div class=\"notic-adlabel\">Advertisements<\/div><a data-no-instant=\"1\" href=\"https:\/\/qrco.de\/bgxd5v\" rel=\"noopener\" class=\"a2t-link\" target=\"_blank\" aria-label=\"DisplayAd-728&#215;903\"><img loading=\"lazy\" decoding=\"async\" src=\"https:\/\/cdn.noticel.com\/2026\/09\/02195509\/DisplayAd-728x903-1.jpg\" alt=\"\"  srcset=\"https:\/\/cdn.noticel.com\/2026\/09\/02195509\/DisplayAd-728x903-1.jpg 728w, https:\/\/cdn.noticel.com\/2026\/09\/02195509\/DisplayAd-728x903-1-300x37.jpg 300w, https:\/\/cdn.noticel.com\/2026\/09\/02195509\/DisplayAd-728x903-1-18x2.jpg 18w\" sizes=\"(max-width: 728px) 100vw, 728px\" width=\"728\" height=\"90\"   \/><\/a><\/div>\n<p>El concierto es producido por Buena Vibra Group y La Buena Fortuna<\/p>","protected":false},"excerpt":{"rendered":"<p>La cantante Buika tendr\u00e1 un concierto este verano en el teatro de la Universidad de Puerto Rico en R\u00edo Piedras. Los boletos del encuentro, que ser\u00e1 el 20 de junio, ya est\u00e1n a la venta en Ticket Center. El concierto es producido por Buena Vibra Group y La Buena Fortuna<\/p>","protected":false},"author":0,"featured_media":410094,"comment_status":"closed","ping_status":"closed","sticky":false,"template":"","format":"standard","meta":{"_acf_changed":false,"_monsterinsights_skip_tracking":false,"ep_exclude_from_search":false,"footnotes":""},"categories":[69],"tags":[],"class_list":["post-83595","post","type-post","status-publish","format-standard","has-post-thumbnail","hentry","category-vida-y-bienestar"],"acf":[],"aioseo_notices":[],"_links":{"self":[{"href":"https:\/\/noticel.com\/en\/wp-json\/wp\/v2\/posts\/83595","targetHints":{"allow":["GET"]}}],"collection":[{"href":"https:\/\/noticel.com\/en\/wp-json\/wp\/v2\/posts"}],"about":[{"href":"https:\/\/noticel.com\/en\/wp-json\/wp\/v2\/types\/post"}],"replies":[{"embeddable":true,"href":"https:\/\/noticel.com\/en\/wp-json\/wp\/v2\/comments?post=83595"}],"version-history":[{"count":1,"href":"https:\/\/noticel.com\/en\/wp-json\/wp\/v2\/posts\/83595\/revisions"}],"predecessor-version":[{"id":410095,"href":"https:\/\/noticel.com\/en\/wp-json\/wp\/v2\/posts\/83595\/revisions\/410095"}],"wp:featuredmedia":[{"embeddable":true,"href":"https:\/\/noticel.com\/en\/wp-json\/wp\/v2\/media\/410094"}],"wp:attachment":[{"href":"https:\/\/noticel.com\/en\/wp-json\/wp\/v2\/media?parent=83595"}],"wp:term":[{"taxonomy":"category","embeddable":true,"href":"https:\/\/noticel.com\/en\/wp-json\/wp\/v2\/categories?post=83595"},{"taxonomy":"post_tag","embeddable":true,"href":"https:\/\/noticel.com\/en\/wp-json\/wp\/v2\/tags?post=83595"}],"curies":[{"name":"wp","href":"https:\/\/api.w.org\/{rel}","templated":true}]}}