{"id":833236,"date":"2025-05-27T22:55:40","date_gmt":"2025-05-28T02:55:40","guid":{"rendered":"https:\/\/www.noticel.com\/ahora\/la-calle\/20250527\/empleado-de-compania-de-telecomunicaciones-cae-de-poste-en-barranquitas\/"},"modified":"2025-08-01T12:43:57","modified_gmt":"2025-08-01T12:43:57","slug":"empleado-de-compania-de-telecomunicaciones-cae-de-poste-en-barranquitas-2","status":"publish","type":"post","link":"https:\/\/noticel.com\/en\/ultima-hora\/20250527\/empleado-de-compania-de-telecomunicaciones-cae-de-poste-en-barranquitas-2\/","title":{"rendered":"Empleado de compa\u00f1\u00eda de telecomunicaciones cae de poste en Barranquitas"},"content":{"rendered":"<h3>El hombre de 40 a\u00f1os cay\u00f3 de una altura aproximada de 15 pies y fue llevado en condici\u00f3n delicada al Centro M\u00e9dico de R\u00edo Piedras.<\/h3>\n<p><strong id=\"strong-44b2f2f1a15282c483d3e65e8eb3caeb\">BARRANQUITAS <\/strong>\u2014 Un empleado de una compa\u00f1\u00eda de telecomunicaciones se encuentra en condici\u00f3n delicada luego de un accidente laboral a eso de las 2:03 de la tarde del martes, en la carretera PR-152 kil\u00f3metro 9.1 sector Bromelia del barrio Quebradillas, en Barranquitas,<\/p>\n<p>Seg\u00fan el reporte de la Polic\u00eda, un hombre, el hombre de 40 a\u00f1os, realizaba labores de reparaci\u00f3n de cabler\u00eda de la compa\u00f1\u00eda Claro cuando sufri\u00f3 una ca\u00edda de un poste a una altura aproximada de 15 pies.<\/p><div class=\"notic-content-middle\" id=\"notic-1807020090\"><div class=\"notic-adlabel\">Advertisements<\/div><a data-no-instant=\"1\" href=\"https:\/\/www.cst.pr.gov\/\" rel=\"noopener\" class=\"a2t-link\" target=\"_blank\" aria-label=\"970&#215;90\"><img loading=\"lazy\" decoding=\"async\" src=\"https:\/\/cdn.noticel.com\/2026\/09\/02203812\/970x90.jpg\" alt=\"\"  srcset=\"https:\/\/cdn.noticel.com\/2026\/09\/02203812\/970x90.jpg 970w, https:\/\/cdn.noticel.com\/2026\/09\/02203812\/970x90-300x28.jpg 300w, https:\/\/cdn.noticel.com\/2026\/09\/02203812\/970x90-768x71.jpg 768w, https:\/\/cdn.noticel.com\/2026\/09\/02203812\/970x90-18x2.jpg 18w\" sizes=\"(max-width: 970px) 100vw, 970px\" width=\"970\" height=\"90\"   \/><\/a><\/div>\n<p>Param\u00e9dicos de Emergencias M\u00e9dicas Estatal lo atendieron y transportaron al estacionamiento de una cooperativa donde Aeromed lo busc\u00f3 para llevarlo al Centro M\u00e9dico en R\u00edo Piedras en condici\u00f3n delicada.<\/p>","protected":false},"excerpt":{"rendered":"<p>El hombre de 40 a\u00f1os cay\u00f3 de una altura aproximada de 15 pies y fue llevado en condici\u00f3n delicada al Centro M\u00e9dico de R\u00edo Piedras. BARRANQUITAS \u2014 Un empleado de una compa\u00f1\u00eda de telecomunicaciones se encuentra en condici\u00f3n delicada luego de un accidente laboral a eso de las 2:03 de la tarde del martes, en [&hellip;]<\/p>","protected":false},"author":0,"featured_media":514779,"comment_status":"closed","ping_status":"closed","sticky":false,"template":"","format":"standard","meta":{"_acf_changed":false,"_monsterinsights_skip_tracking":false,"ep_exclude_from_search":false,"footnotes":""},"categories":[12,2],"tags":[],"class_list":["post-833236","post","type-post","status-publish","format-standard","has-post-thumbnail","hentry","category-la-calle","category-ultima-hora"],"acf":[],"aioseo_notices":[],"_links":{"self":[{"href":"https:\/\/noticel.com\/en\/wp-json\/wp\/v2\/posts\/833236","targetHints":{"allow":["GET"]}}],"collection":[{"href":"https:\/\/noticel.com\/en\/wp-json\/wp\/v2\/posts"}],"about":[{"href":"https:\/\/noticel.com\/en\/wp-json\/wp\/v2\/types\/post"}],"replies":[{"embeddable":true,"href":"https:\/\/noticel.com\/en\/wp-json\/wp\/v2\/comments?post=833236"}],"version-history":[{"count":1,"href":"https:\/\/noticel.com\/en\/wp-json\/wp\/v2\/posts\/833236\/revisions"}],"predecessor-version":[{"id":836901,"href":"https:\/\/noticel.com\/en\/wp-json\/wp\/v2\/posts\/833236\/revisions\/836901"}],"wp:featuredmedia":[{"embeddable":true,"href":"https:\/\/noticel.com\/en\/wp-json\/wp\/v2\/media\/514779"}],"wp:attachment":[{"href":"https:\/\/noticel.com\/en\/wp-json\/wp\/v2\/media?parent=833236"}],"wp:term":[{"taxonomy":"category","embeddable":true,"href":"https:\/\/noticel.com\/en\/wp-json\/wp\/v2\/categories?post=833236"},{"taxonomy":"post_tag","embeddable":true,"href":"https:\/\/noticel.com\/en\/wp-json\/wp\/v2\/tags?post=833236"}],"curies":[{"name":"wp","href":"https:\/\/api.w.org\/{rel}","templated":true}]}}