{"id":832396,"date":"2025-05-01T16:22:58","date_gmt":"2025-05-01T20:22:58","guid":{"rendered":"https:\/\/www.noticel.com\/transito\/20250501\/cierran-carretera-en-florida-por-tendido-electrico-caido\/"},"modified":"2025-08-01T13:40:53","modified_gmt":"2025-08-01T13:40:53","slug":"cierran-carretera-en-florida-por-tendido-electrico-caido-2","status":"publish","type":"post","link":"https:\/\/noticel.com\/en\/mas\/otros\/20250501\/cierran-carretera-en-florida-por-tendido-electrico-caido-2\/","title":{"rendered":"Cierran carretera en Florida por tendido el\u00e9ctrico ca\u00eddo"},"content":{"rendered":"<h3>Personal de LUMA Energy y Manejo de Emergencias (OMME) trabajan en la zona para atender la situaci\u00f3n.<\/h3>\n<p>La Polic\u00eda inform\u00f3 que durante la tarde de hoy, jueves, fue cerrado el tr\u00e1nsito de la carretera PR-642, en el barrio Pajonal de Florida, tras la ca\u00edda de un poste de madera y tendido el\u00e9ctrico sobre la v\u00eda.<\/p>\n<p>Seg\u00fan indic\u00f3 el sargento Miguel De Jes\u00fas Jim\u00e9nez, adscrito al distrito de Florida, el incidente dej\u00f3 sin servicio el\u00e9ctrico a varios residentes del sector.<\/p><div class=\"notic-content-middle\" id=\"notic-1607884197\"><div class=\"notic-adlabel\">Advertisements<\/div><a data-no-instant=\"1\" href=\"https:\/\/qrco.de\/bgxd5v\" rel=\"noopener\" class=\"a2t-link\" target=\"_blank\" aria-label=\"DisplayAds-300&#215;2502\"><img loading=\"lazy\" decoding=\"async\" src=\"https:\/\/cdn.noticel.com\/2026\/08\/11175813\/DisplayAds-300x2502-1.jpg\" alt=\"\"  srcset=\"https:\/\/cdn.noticel.com\/2026\/08\/11175813\/DisplayAds-300x2502-1.jpg 300w, https:\/\/cdn.noticel.com\/2026\/08\/11175813\/DisplayAds-300x2502-1-14x12.jpg 14w\" sizes=\"(max-width: 300px) 100vw, 300px\" width=\"300\" height=\"250\"   \/><\/a><\/div>\n<p>Personal de LUMA Energy y Manejo de Emergencias (OMME) trabajan en la zona para atender la situaci\u00f3n. La Polic\u00eda Municipal y Estatal se encuentra en el lugar prestando cooperaci\u00f3n.<\/p>\n<p>Como ruta alterna, se recomienda a los conductores utilizar la carretera PR-641 en direcci\u00f3n al barrio Pajonal.<\/p>","protected":false},"excerpt":{"rendered":"<p>Personal de LUMA Energy y Manejo de Emergencias (OMME) trabajan en la zona para atender la situaci\u00f3n. La Polic\u00eda inform\u00f3 que durante la tarde de hoy, jueves, fue cerrado el tr\u00e1nsito de la carretera PR-642, en el barrio Pajonal de Florida, tras la ca\u00edda de un poste de madera y tendido el\u00e9ctrico sobre la v\u00eda. [&hellip;]<\/p>","protected":false},"author":0,"featured_media":499880,"comment_status":"closed","ping_status":"closed","sticky":false,"template":"","format":"standard","meta":{"_acf_changed":false,"_monsterinsights_skip_tracking":false,"ep_exclude_from_search":false,"footnotes":""},"categories":[83],"tags":[],"class_list":["post-832396","post","type-post","status-publish","format-standard","has-post-thumbnail","hentry","category-otros"],"acf":[],"aioseo_notices":[],"_links":{"self":[{"href":"https:\/\/noticel.com\/en\/wp-json\/wp\/v2\/posts\/832396","targetHints":{"allow":["GET"]}}],"collection":[{"href":"https:\/\/noticel.com\/en\/wp-json\/wp\/v2\/posts"}],"about":[{"href":"https:\/\/noticel.com\/en\/wp-json\/wp\/v2\/types\/post"}],"replies":[{"embeddable":true,"href":"https:\/\/noticel.com\/en\/wp-json\/wp\/v2\/comments?post=832396"}],"version-history":[{"count":1,"href":"https:\/\/noticel.com\/en\/wp-json\/wp\/v2\/posts\/832396\/revisions"}],"predecessor-version":[{"id":838672,"href":"https:\/\/noticel.com\/en\/wp-json\/wp\/v2\/posts\/832396\/revisions\/838672"}],"wp:featuredmedia":[{"embeddable":true,"href":"https:\/\/noticel.com\/en\/wp-json\/wp\/v2\/media\/499880"}],"wp:attachment":[{"href":"https:\/\/noticel.com\/en\/wp-json\/wp\/v2\/media?parent=832396"}],"wp:term":[{"taxonomy":"category","embeddable":true,"href":"https:\/\/noticel.com\/en\/wp-json\/wp\/v2\/categories?post=832396"},{"taxonomy":"post_tag","embeddable":true,"href":"https:\/\/noticel.com\/en\/wp-json\/wp\/v2\/tags?post=832396"}],"curies":[{"name":"wp","href":"https:\/\/api.w.org\/{rel}","templated":true}]}}