{"id":82828,"date":"2012-07-18T00:00:00","date_gmt":"2012-07-18T04:00:00","guid":{"rendered":"http:\/\/www.noticel.com\/la-calle\/20120718\/parcialmente-soleado-con-chubascos-ocasionales\/"},"modified":"2025-07-16T06:58:49","modified_gmt":"2025-07-16T06:58:49","slug":"parcialmente-soleado-con-chubascos-ocasionales","status":"publish","type":"post","link":"https:\/\/noticel.com\/en\/noticias\/la-calle\/20120718\/parcialmente-soleado-con-chubascos-ocasionales\/","title":{"rendered":"Parcialmente soleado con chubascos ocasionales"},"content":{"rendered":"<p>Las temperaturas oscilar\u00e1n hoy entre los 89 y los 78 grados y el cielo estar\u00e1 parcialmente soleado con chubascos por la ma\u00f1ana, pero sobretodo por la tarde. El viento soplar\u00e1 del este noreste a 12 mph por la ma\u00f1ana y del este a 6 mph por la tarde.<\/p><div class=\"notic-content-middle\" id=\"notic-2992807985\"><div class=\"notic-adlabel\">Advertisements<\/div><a data-no-instant=\"1\" href=\"https:\/\/qrco.de\/bgxd5v\" rel=\"noopener\" class=\"a2t-link\" target=\"_blank\" aria-label=\"300X600-SEBUSCA2\"><img loading=\"lazy\" decoding=\"async\" src=\"https:\/\/cdn.noticel.com\/2026\/09\/02194415\/300X600-SEBUSCA2.jpg\" alt=\"\"  srcset=\"https:\/\/cdn.noticel.com\/2026\/09\/02194415\/300X600-SEBUSCA2.jpg 300w, https:\/\/cdn.noticel.com\/2026\/09\/02194415\/300X600-SEBUSCA2-150x300.jpg 150w, https:\/\/cdn.noticel.com\/2026\/09\/02194415\/300X600-SEBUSCA2-6x12.jpg 6w\" sizes=\"(max-width: 300px) 100vw, 300px\" width=\"300\" height=\"600\"   \/><\/a><\/div>","protected":false},"excerpt":{"rendered":"<p>Las temperaturas oscilar\u00e1n hoy entre los 89 y los 78 grados y el cielo estar\u00e1 parcialmente soleado con chubascos por la ma\u00f1ana, pero sobretodo por la tarde. El viento soplar\u00e1 del este noreste a 12 mph por la ma\u00f1ana y del este a 6 mph por la tarde.<\/p>","protected":false},"author":0,"featured_media":418145,"comment_status":"closed","ping_status":"closed","sticky":false,"template":"","format":"standard","meta":{"_acf_changed":false,"_monsterinsights_skip_tracking":false,"ep_exclude_from_search":false,"footnotes":""},"categories":[12],"tags":[],"class_list":["post-82828","post","type-post","status-publish","format-standard","has-post-thumbnail","hentry","category-la-calle"],"acf":[],"aioseo_notices":[],"_links":{"self":[{"href":"https:\/\/noticel.com\/en\/wp-json\/wp\/v2\/posts\/82828","targetHints":{"allow":["GET"]}}],"collection":[{"href":"https:\/\/noticel.com\/en\/wp-json\/wp\/v2\/posts"}],"about":[{"href":"https:\/\/noticel.com\/en\/wp-json\/wp\/v2\/types\/post"}],"replies":[{"embeddable":true,"href":"https:\/\/noticel.com\/en\/wp-json\/wp\/v2\/comments?post=82828"}],"version-history":[{"count":1,"href":"https:\/\/noticel.com\/en\/wp-json\/wp\/v2\/posts\/82828\/revisions"}],"predecessor-version":[{"id":418146,"href":"https:\/\/noticel.com\/en\/wp-json\/wp\/v2\/posts\/82828\/revisions\/418146"}],"wp:featuredmedia":[{"embeddable":true,"href":"https:\/\/noticel.com\/en\/wp-json\/wp\/v2\/media\/418145"}],"wp:attachment":[{"href":"https:\/\/noticel.com\/en\/wp-json\/wp\/v2\/media?parent=82828"}],"wp:term":[{"taxonomy":"category","embeddable":true,"href":"https:\/\/noticel.com\/en\/wp-json\/wp\/v2\/categories?post=82828"},{"taxonomy":"post_tag","embeddable":true,"href":"https:\/\/noticel.com\/en\/wp-json\/wp\/v2\/tags?post=82828"}],"curies":[{"name":"wp","href":"https:\/\/api.w.org\/{rel}","templated":true}]}}