{"id":82451,"date":"2020-02-19T17:28:06","date_gmt":"2020-02-19T21:28:06","guid":{"rendered":"http:\/\/www.noticel.com\/ahora\/20200219\/tambien-habra-interrupciones-de-luz-manana\/"},"modified":"2025-07-16T07:39:37","modified_gmt":"2025-07-16T07:39:37","slug":"tambien-habra-interrupciones-de-luz-manana","status":"publish","type":"post","link":"https:\/\/noticel.com\/en\/ultima-hora\/20200219\/tambien-habra-interrupciones-de-luz-manana\/","title":{"rendered":"Tambi\u00e9n habr\u00e1 interrupciones de luz ma\u00f1ana"},"content":{"rendered":"<p><i>La AEE lo anunci\u00f3.<\/i><\/p>\n<p>La Autoridad de Energ\u00eda El\u00e9ctrica (AEE) inform\u00f3 que ma\u00f1ana realizar\u00e1 tambi\u00e9n interrupciones de luz en dos municipios de la isla.\u00a0<\/p>\n<p>Seg\u00fan indic\u00f3 la corporaci\u00f3n p\u00fablica mediante sus redes sociales, los municipios con interrupciones ser\u00e1n Humacao y Carolina. En ambos pueblos los trabajos est\u00e1n relacionados con labores o reemplazo en postes.\u00a0<\/p>\n<p>Particularmente, en Carolina, la interrupci\u00f3n comenzar\u00e1 a eso de las 8:30 de la ma\u00f1ana y se extender\u00e1 hasta las 4:00 de la tarde.\u00a0<\/p><div class=\"notic-content-middle\" id=\"notic-2249847305\"><div class=\"notic-adlabel\">Advertisements<\/div><a data-no-instant=\"1\" href=\"https:\/\/www.asegurate-bien.com\/\" rel=\"noopener\" class=\"a2t-link\" target=\"_blank\" aria-label=\"Acodese-Adaptaciones-Noticel-300&#215;250\"><img loading=\"lazy\" decoding=\"async\" src=\"https:\/\/cdn.noticel.com\/2026\/05\/30094423\/Acodese-Adaptaciones-Noticel-300x250-1.jpg\" alt=\"\"  srcset=\"https:\/\/cdn.noticel.com\/2026\/05\/30094423\/Acodese-Adaptaciones-Noticel-300x250-1.jpg 300w, https:\/\/cdn.noticel.com\/2026\/05\/30094423\/Acodese-Adaptaciones-Noticel-300x250-1-14x12.jpg 14w\" sizes=\"(max-width: 300px) 100vw, 300px\" width=\"300\" height=\"250\"   \/><\/a><\/div>\n<p>{&#8216;url&#8217;:&#8217;https:\/\/twitter.com\/AEEONLINE\/status\/1230197816288563201&#8242;,&#8217;author_name&#8217;:&#8217;Autoridad de Energ\u00eda El\u00e9ctrica&#8217;,&#8217;author_url&#8217;:&#8217;https:\/\/twitter.com\/AEEONLINE&#8217;,&#8217;html&#8217;:&#8217;lt;blockquote class=&#8217;twitter-tweet&#8217;gt;lt;p lang=&#8217;es&#8217; dir=&#8217;ltr&#8217;gt;INTERRUPCI\u00d3N PROGRAMADA: Ma\u00f1ana, jueves 20 de febrero de 8:30AM a 4:00PM, podr\u00eda interrumpirse el servicio el\u00e9ctrico para remplazar postes en Estancias Del Parque en CAROLINA. CC2 lt;a href=&#8217;https:\/\/t.co\/QgJ8qOQhHJ&#8217;gt;pic.twitter.com\/QgJ8qOQhHJlt;\/agt;lt;\/pgt;\u2014 Autoridad de Energ\u00eda El\u00e9ctrica (@AEEONLINE) lt;a href=&#8217;https:\/\/twitter.com\/AEEONLINE\/status\/1230197816288563201?ref_src=twsrc%5Etfw&#8217;gt;February 19, 2020lt;\/agt;lt;\/blockquotegt;nlt;script async src=&#8217;https:\/\/platform.twitter.com\/widgets.js&#8217; charset=&#8217;utf-8&#8217;gt;lt;\/scriptgt;n&#8217;,&#8217;width&#8217;:550,&#8217;height&#8217;:null,&#8217;type&#8217;:&#8217;rich&#8217;,&#8217;cache_age&#8217;:&#8217;3153600000&#8242;,&#8217;provider_name&#8217;:&#8217;Twitter&#8217;,&#8217;provider_url&#8217;:&#8217;https:\/\/twitter.com&#8217;,&#8217;version&#8217;:&#8217;1.0&#8242;}<\/p>\n<p>En Humacao, de otro lado, la interrupci\u00f3n en varias zonas de ese pueblo comenzar\u00e1 a las 9:00 de la ma\u00f1ana para enderezar varios postes.\u00a0<\/p>\n<p>{&#8216;url&#8217;:&#8217;https:\/\/twitter.com\/AEEONLINE\/status\/1230197990268243969&#8242;,&#8217;author_name&#8217;:&#8217;Autoridad de Energ\u00eda El\u00e9ctrica&#8217;,&#8217;author_url&#8217;:&#8217;https:\/\/twitter.com\/AEEONLINE&#8217;,&#8217;html&#8217;:&#8217;lt;blockquote class=&#8217;twitter-tweet&#8217;gt;lt;p lang=&#8217;es&#8217; dir=&#8217;ltr&#8217;gt;INTERRUPCI\u00d3N PROGRAMADA: Ma\u00f1ana, \u200bjueves 20 de febrero de 9:00AM a 3:30PM, podr\u00eda interrumpirse el servicio el\u00e9ctrico para enderezar postes en la Urb. Buzo en HUMACAO. CC2 lt;a href=&#8217;https:\/\/t.co\/aQiAGSekel&#8217;gt;pic.twitter.com\/aQiAGSekellt;\/agt;lt;\/pgt;\u2014 Autoridad de Energ\u00eda El\u00e9ctrica (@AEEONLINE) lt;a href=&#8217;https:\/\/twitter.com\/AEEONLINE\/status\/1230197990268243969?ref_src=twsrc%5Etfw&#8217;gt;February 19, 2020lt;\/agt;lt;\/blockquotegt;nlt;script async src=&#8217;https:\/\/platform.twitter.com\/widgets.js&#8217; charset=&#8217;utf-8&#8217;gt;lt;\/scriptgt;n&#8217;,&#8217;width&#8217;:550,&#8217;height&#8217;:null,&#8217;type&#8217;:&#8217;rich&#8217;,&#8217;cache_age&#8217;:&#8217;3153600000&#8242;,&#8217;provider_name&#8217;:&#8217;Twitter&#8217;,&#8217;provider_url&#8217;:&#8217;https:\/\/twitter.com&#8217;,&#8217;version&#8217;:&#8217;1.0&#8242;}<\/p>","protected":false},"excerpt":{"rendered":"<p>La AEE lo anunci\u00f3. La Autoridad de Energ\u00eda El\u00e9ctrica (AEE) inform\u00f3 que ma\u00f1ana realizar\u00e1 tambi\u00e9n interrupciones de luz en dos municipios de la isla.\u00a0 Seg\u00fan indic\u00f3 la corporaci\u00f3n p\u00fablica mediante sus redes sociales, los municipios con interrupciones ser\u00e1n Humacao y Carolina. En ambos pueblos los trabajos est\u00e1n relacionados con labores o reemplazo en postes.\u00a0 Particularmente, [&hellip;]<\/p>","protected":false},"author":0,"featured_media":420938,"comment_status":"closed","ping_status":"closed","sticky":false,"template":"","format":"standard","meta":{"_acf_changed":false,"_monsterinsights_skip_tracking":false,"ep_exclude_from_search":false,"footnotes":""},"categories":[2],"tags":[],"class_list":["post-82451","post","type-post","status-publish","format-standard","has-post-thumbnail","hentry","category-ultima-hora"],"acf":[],"aioseo_notices":[],"_links":{"self":[{"href":"https:\/\/noticel.com\/en\/wp-json\/wp\/v2\/posts\/82451","targetHints":{"allow":["GET"]}}],"collection":[{"href":"https:\/\/noticel.com\/en\/wp-json\/wp\/v2\/posts"}],"about":[{"href":"https:\/\/noticel.com\/en\/wp-json\/wp\/v2\/types\/post"}],"replies":[{"embeddable":true,"href":"https:\/\/noticel.com\/en\/wp-json\/wp\/v2\/comments?post=82451"}],"version-history":[{"count":1,"href":"https:\/\/noticel.com\/en\/wp-json\/wp\/v2\/posts\/82451\/revisions"}],"predecessor-version":[{"id":420941,"href":"https:\/\/noticel.com\/en\/wp-json\/wp\/v2\/posts\/82451\/revisions\/420941"}],"wp:featuredmedia":[{"embeddable":true,"href":"https:\/\/noticel.com\/en\/wp-json\/wp\/v2\/media\/420938"}],"wp:attachment":[{"href":"https:\/\/noticel.com\/en\/wp-json\/wp\/v2\/media?parent=82451"}],"wp:term":[{"taxonomy":"category","embeddable":true,"href":"https:\/\/noticel.com\/en\/wp-json\/wp\/v2\/categories?post=82451"},{"taxonomy":"post_tag","embeddable":true,"href":"https:\/\/noticel.com\/en\/wp-json\/wp\/v2\/tags?post=82451"}],"curies":[{"name":"wp","href":"https:\/\/api.w.org\/{rel}","templated":true}]}}