{"id":81689,"date":"2018-05-07T00:00:00","date_gmt":"2018-05-07T04:00:00","guid":{"rendered":"http:\/\/www.noticel.com\/la-calle\/policiacas\/20180507\/hombre-recibe-multiples-heridas-de-bala-en-vega-baja\/"},"modified":"2025-07-16T08:46:29","modified_gmt":"2025-07-16T08:46:29","slug":"hombre-recibe-multiples-heridas-de-bala-en-vega-baja","status":"publish","type":"post","link":"https:\/\/noticel.com\/en\/noticias\/la-calle\/20180507\/hombre-recibe-multiples-heridas-de-bala-en-vega-baja\/","title":{"rendered":"Hombre recibe m\u00faltiples heridas de bala en Vega Baja"},"content":{"rendered":"<p><i>Fue llevado al hospital en condici\u00f3n cr\u00edtica<\/i><\/p>\n<p>Un hombre result\u00f3 herido de bala en un incidente ocurrido a la 1:51 de la tarde del domingo en la carretera PR-279 del Barrio Rio Abajo, sector La Trocha cerca de un negocio en Vega Baja.<\/p>\n<p>Seg\u00fan la informaci\u00f3n preliminar, Jose Reynaldo Colon de 29 a\u00f1os recibi\u00f3 varias heridas de bala en el \u00e1rea de la cabeza, la mano derecha y el muslo derecho. \u00c9ste estaba en el interior de un Hyundai Elantra color marr\u00f3n.<\/p><div class=\"notic-content-middle\" id=\"notic-2406154150\"><div class=\"notic-adlabel\">Advertisements<\/div><a data-no-instant=\"1\" href=\"https:\/\/qrco.de\/bgxd5v\" rel=\"noopener\" class=\"a2t-link\" target=\"_blank\" aria-label=\"DisplayAds-970&#215;2503\"><img loading=\"lazy\" decoding=\"async\" src=\"https:\/\/cdn.noticel.com\/2026\/09\/02201056\/DisplayAds-970x2503-1.jpg\" alt=\"\"  srcset=\"https:\/\/cdn.noticel.com\/2026\/09\/02201056\/DisplayAds-970x2503-1.jpg 970w, https:\/\/cdn.noticel.com\/2026\/09\/02201056\/DisplayAds-970x2503-1-300x77.jpg 300w, https:\/\/cdn.noticel.com\/2026\/09\/02201056\/DisplayAds-970x2503-1-768x198.jpg 768w, https:\/\/cdn.noticel.com\/2026\/09\/02201056\/DisplayAds-970x2503-1-18x5.jpg 18w\" sizes=\"(max-width: 970px) 100vw, 970px\" width=\"970\" height=\"250\"   \/><\/a><\/div>\n<p>El individuo fue transportado al hospital Wilma V\u00e1zquez del mencionado municipio y luego fue llevado al Centro Medico de R\u00edo Piedras en condici\u00f3n cr\u00edtica.<\/p>\n<p>El agente An\u00edbal Ayala del Cuerpo de investigaciones Criminales (CIC) de Vega Baja se hizo cargo de la investigaci\u00f3n.<\/p>","protected":false},"excerpt":{"rendered":"<p>Fue llevado al hospital en condici\u00f3n cr\u00edtica Un hombre result\u00f3 herido de bala en un incidente ocurrido a la 1:51 de la tarde del domingo en la carretera PR-279 del Barrio Rio Abajo, sector La Trocha cerca de un negocio en Vega Baja. Seg\u00fan la informaci\u00f3n preliminar, Jose Reynaldo Colon de 29 a\u00f1os recibi\u00f3 varias [&hellip;]<\/p>","protected":false},"author":0,"featured_media":425706,"comment_status":"closed","ping_status":"closed","sticky":false,"template":"","format":"standard","meta":{"_acf_changed":false,"_monsterinsights_skip_tracking":false,"ep_exclude_from_search":false,"footnotes":""},"categories":[12,15],"tags":[],"class_list":["post-81689","post","type-post","status-publish","format-standard","has-post-thumbnail","hentry","category-la-calle","category-policiacas"],"acf":[],"aioseo_notices":[],"_links":{"self":[{"href":"https:\/\/noticel.com\/en\/wp-json\/wp\/v2\/posts\/81689","targetHints":{"allow":["GET"]}}],"collection":[{"href":"https:\/\/noticel.com\/en\/wp-json\/wp\/v2\/posts"}],"about":[{"href":"https:\/\/noticel.com\/en\/wp-json\/wp\/v2\/types\/post"}],"replies":[{"embeddable":true,"href":"https:\/\/noticel.com\/en\/wp-json\/wp\/v2\/comments?post=81689"}],"version-history":[{"count":1,"href":"https:\/\/noticel.com\/en\/wp-json\/wp\/v2\/posts\/81689\/revisions"}],"predecessor-version":[{"id":425708,"href":"https:\/\/noticel.com\/en\/wp-json\/wp\/v2\/posts\/81689\/revisions\/425708"}],"wp:featuredmedia":[{"embeddable":true,"href":"https:\/\/noticel.com\/en\/wp-json\/wp\/v2\/media\/425706"}],"wp:attachment":[{"href":"https:\/\/noticel.com\/en\/wp-json\/wp\/v2\/media?parent=81689"}],"wp:term":[{"taxonomy":"category","embeddable":true,"href":"https:\/\/noticel.com\/en\/wp-json\/wp\/v2\/categories?post=81689"},{"taxonomy":"post_tag","embeddable":true,"href":"https:\/\/noticel.com\/en\/wp-json\/wp\/v2\/tags?post=81689"}],"curies":[{"name":"wp","href":"https:\/\/api.w.org\/{rel}","templated":true}]}}