{"id":81654,"date":"2016-07-21T00:00:00","date_gmt":"2016-07-21T04:00:00","guid":{"rendered":"http:\/\/www.noticel.com\/ahora\/hack\/politica\/20160721\/clinton-lanza-cuenta-de-twitter-en-espanol\/"},"modified":"2025-07-16T08:49:33","modified_gmt":"2025-07-16T08:49:33","slug":"clinton-lanza-cuenta-de-twitter-en-espanol","status":"publish","type":"post","link":"https:\/\/noticel.com\/en\/ultima-hora\/20160721\/clinton-lanza-cuenta-de-twitter-en-espanol\/","title":{"rendered":"Clinton lanza cuenta de Twitter en espa\u00f1ol"},"content":{"rendered":"<p>La candidata dem\u00f3crata a la Presidencia de Estados Unidos, Hillary Clinton, lanz\u00f3 hoy, miercoles, una nueva cuenta de la red social Twitter para apelar al voto latino, inform\u00f3 su campa\u00f1a.<\/p>\n<p>Con el nuevo perfil @Hillary_esp la candidata har\u00e1 sus publicaciones en la plataforma web tambi\u00e9n en espa\u00f1ol, para asegurar que el mensaje sea &#8216;accesible para todas las comunidades del pa\u00eds&#8217;, en particular para los hispanos, seg\u00fan el comunicado.<\/p>\n<p>&#8216;Algunos intentan silenciar a la comunidad latina o intentan dividir a nuestra naci\u00f3n con una ret\u00f3rica de odio&#8217; mientras en la campa\u00f1a de Hillary se apuesta por la &#8216;tolerancia, inclusi\u00f3n y diversidad&#8217;, dice el comunicado, en referencia al discurso antimigrantes del candidato republicano, Donald Trump.<\/p>\n<p>Esta quiere ser una prueba de reconocimiento a &#8216;la diversidad y el multiculturalismo&#8217; como una &#8216;fortaleza&#8217;, a\u00f1ade el comunicado.<\/p><div class=\"notic-content-middle\" id=\"notic-3307137338\"><div class=\"notic-adlabel\">Advertisements<\/div><a data-no-instant=\"1\" href=\"https:\/\/www.asegurate-bien.com\/\" rel=\"noopener\" class=\"a2t-link\" target=\"_blank\" aria-label=\"Acodese-Adaptaciones-Noticel-300&#215;250\"><img loading=\"lazy\" decoding=\"async\" src=\"https:\/\/cdn.noticel.com\/2026\/05\/30094423\/Acodese-Adaptaciones-Noticel-300x250-1.jpg\" alt=\"\"  srcset=\"https:\/\/cdn.noticel.com\/2026\/05\/30094423\/Acodese-Adaptaciones-Noticel-300x250-1.jpg 300w, https:\/\/cdn.noticel.com\/2026\/05\/30094423\/Acodese-Adaptaciones-Noticel-300x250-1-14x12.jpg 14w\" sizes=\"(max-width: 300px) 100vw, 300px\" width=\"300\" height=\"250\"   \/><\/a><\/div>\n<p>En el esfuerzo por conectar con la poblaci\u00f3n latina que puede ser decisiva para la elecci\u00f3n de la candidata dem\u00f3crata en las elecciones de noviembre, Clinton estren\u00f3 esta semana una aplicaci\u00f3n m\u00f3vil y una nueva p\u00e1gina web.<\/p>\n<p>En EE.UU. viven 58 millones de latinos, 28 millones de ellos con derecho a voto, aunque se espera que acudan a las urnas unos 13,5 millones de votantes hispanos.<\/p>\n<p>Mediante la aplicaci\u00f3n biling\u00fce, la campa\u00f1a de la exsecretaria de Estado provee informaci\u00f3n de registro de votantes, que facilita la log\u00edstica sobre el punto de votaci\u00f3n o si existe la posibilidad de votar por Internet.<\/p>\n<p>En la p\u00e1gina web, Clinton recoge toda la informaci\u00f3n de sus propuestas pol\u00edticas traducidas al espa\u00f1ol.<\/p>","protected":false},"excerpt":{"rendered":"<p>La candidata dem\u00f3crata a la Presidencia de Estados Unidos, Hillary Clinton, lanz\u00f3 hoy, miercoles, una nueva cuenta de la red social Twitter para apelar al voto latino, inform\u00f3 su campa\u00f1a. Con el nuevo perfil @Hillary_esp la candidata har\u00e1 sus publicaciones en la plataforma web tambi\u00e9n en espa\u00f1ol, para asegurar que el mensaje sea &#8216;accesible para [&hellip;]<\/p>","protected":false},"author":0,"featured_media":425964,"comment_status":"closed","ping_status":"closed","sticky":false,"template":"","format":"standard","meta":{"_acf_changed":false,"_monsterinsights_skip_tracking":false,"ep_exclude_from_search":false,"footnotes":""},"categories":[7,2],"tags":[],"class_list":["post-81654","post","type-post","status-publish","format-standard","has-post-thumbnail","hentry","category-politica","category-ultima-hora"],"acf":[],"aioseo_notices":[],"_links":{"self":[{"href":"https:\/\/noticel.com\/en\/wp-json\/wp\/v2\/posts\/81654","targetHints":{"allow":["GET"]}}],"collection":[{"href":"https:\/\/noticel.com\/en\/wp-json\/wp\/v2\/posts"}],"about":[{"href":"https:\/\/noticel.com\/en\/wp-json\/wp\/v2\/types\/post"}],"replies":[{"embeddable":true,"href":"https:\/\/noticel.com\/en\/wp-json\/wp\/v2\/comments?post=81654"}],"version-history":[{"count":1,"href":"https:\/\/noticel.com\/en\/wp-json\/wp\/v2\/posts\/81654\/revisions"}],"predecessor-version":[{"id":425966,"href":"https:\/\/noticel.com\/en\/wp-json\/wp\/v2\/posts\/81654\/revisions\/425966"}],"wp:featuredmedia":[{"embeddable":true,"href":"https:\/\/noticel.com\/en\/wp-json\/wp\/v2\/media\/425964"}],"wp:attachment":[{"href":"https:\/\/noticel.com\/en\/wp-json\/wp\/v2\/media?parent=81654"}],"wp:term":[{"taxonomy":"category","embeddable":true,"href":"https:\/\/noticel.com\/en\/wp-json\/wp\/v2\/categories?post=81654"},{"taxonomy":"post_tag","embeddable":true,"href":"https:\/\/noticel.com\/en\/wp-json\/wp\/v2\/tags?post=81654"}],"curies":[{"name":"wp","href":"https:\/\/api.w.org\/{rel}","templated":true}]}}