{"id":81634,"date":"2017-01-15T00:00:00","date_gmt":"2017-01-15T04:00:00","guid":{"rendered":"http:\/\/www.noticel.com\/ahora\/politica\/20170115\/inconstitucional-para-yulin-la-reforma-laboral-del-penepe\/"},"modified":"2025-07-16T08:51:05","modified_gmt":"2025-07-16T08:51:05","slug":"inconstitucional-para-yulin-la-reforma-laboral-del-penepe","status":"publish","type":"post","link":"https:\/\/noticel.com\/en\/ultima-hora\/20170115\/inconstitucional-para-yulin-la-reforma-laboral-del-penepe\/","title":{"rendered":"Inconstitucional para Yul\u00edn la reforma laboral del penep\u00e9"},"content":{"rendered":"<p>La alcaldesa de San Juan, Carmen Yul\u00edn Cruz Soto, conden\u00f3 el domingo la aprobaci\u00f3n en la C\u00e1mara de Representantes de la Ley de Transformaci\u00f3n y Flexibilidad Laboral (Proyecto de la C\u00e1mara 453) y adelant\u00f3 que buscar\u00e1 llegar a consenso con otros alcaldes para hacerle frente a las enmiendas a la Autoridad de Asesor\u00eda Financiera y Agencia Fiscal de Puerto Rico (AAFAF).<\/p>\n<p>A preguntas de CyberNews, Cruz Soto, manifest\u00f3 que la &#8216;Constituci\u00f3n de Puerto Rico es clara en su protecci\u00f3n a los trabajadores y trabajadoras, y estas leyes laborales se hicieron precisamente por los excesos de algunos que requer\u00edan proteger a todos. Esto crea dos clases de ciudadanos. Esto es inconstitucional, y lo que hace es legalizar la injusticia sin pruebas de que se vaya a lograr el objetivo. Los pa\u00edses cuya econom\u00eda es m\u00e1s avanzada, son tambi\u00e9n pa\u00edses que protegen los derechos de sus trabajadores. Y ojo con el sector p\u00fablico, porque luego de aprobada esa ley lo \u00fanico que requiere es una enmienda diciendo que esto tambi\u00e9n les aplica a los empleados bajo la Ley 45. Para m\u00ed este es un comienzo inconexo, de un plan de desarrollo econ\u00f3mico. Simplemente es la misma man\u00eda de que la soga parta por lo m\u00e1s finito&#8217;.<\/p>\n<p>De hecho, trajo a la atenci\u00f3n que cuando anteriormente se flexibiliz\u00f3 la Ley de Cierre, esto no provoc\u00f3 la creaci\u00f3n de mayores empleos.<\/p>\n<p>&#8216;Quitarle a la gente derechos nunca es la ruta, quitarle beneficios nunca es la ruta. D\u00f3nde est\u00e1 como vamos a manejar el costo de la electricidad? D\u00f3nde est\u00e1 como encarecemos los productos con la Ley de Cabotaje? D\u00f3nde est\u00e1 el plan integrado de desarrollo econ\u00f3mico? Nosotros no queremos ser competitivo a cualquier costo, porque entonces alguien dir\u00eda vamos a bajar el salario m\u00ednimo y somos m\u00e1s competitivos. Vamos a no dar vacaciones ni d\u00edas por enfermedad y somos m\u00e1s competitivos. Vamos a obligar a la gente a trabajar 15 horas al d\u00eda&#8230; No, estas son luchas que se han dado desde el sector laboral porque ha habido abusos&#8217;, agreg\u00f3 Cruz Soto.<\/p><div class=\"notic-content-middle\" id=\"notic-3576152907\"><div class=\"notic-adlabel\">Advertisements<\/div><a data-no-instant=\"1\" href=\"https:\/\/qrco.de\/bgxd5v\" rel=\"noopener\" class=\"a2t-link\" target=\"_blank\" aria-label=\"DisplayAds-970&#215;250\"><img loading=\"lazy\" decoding=\"async\" src=\"https:\/\/cdn.noticel.com\/2026\/09\/02200716\/DisplayAds-970x250-1.jpg\" alt=\"\"  srcset=\"https:\/\/cdn.noticel.com\/2026\/09\/02200716\/DisplayAds-970x250-1.jpg 970w, https:\/\/cdn.noticel.com\/2026\/09\/02200716\/DisplayAds-970x250-1-300x77.jpg 300w, https:\/\/cdn.noticel.com\/2026\/09\/02200716\/DisplayAds-970x250-1-768x198.jpg 768w, https:\/\/cdn.noticel.com\/2026\/09\/02200716\/DisplayAds-970x250-1-18x5.jpg 18w\" sizes=\"(max-width: 970px) 100vw, 970px\" width=\"970\" height=\"250\"   \/><\/a><\/div>\n<p>Abordada sobre si mantendr\u00e1 un compromiso de no aplicar estas medidas a los empleados municipales, aunque en un futuro la ley se lo permitiese, Cruz Soto, puntualiz\u00f3 que va cumplir con los empleados y destac\u00f3 que es el \u00fanico municipio que tiene dos uniones sindicales.<\/p>\n<p>En otros aspectos, al este medio increparle si le preocupa que la otorgaci\u00f3n de mayores poderes a la AAFAF atente contra los fondos del ayuntamiento, Cruz Soto, se\u00f1al\u00f3 que le preocupa el impacto en todos los municipios.<\/p>\n<p>Cruz Soto detall\u00f3 que va a solicitarle una reuni\u00f3n al gobernador Ricardo Rossell\u00f3, en aras de discutir unas ideas para que los municipios no tengan que pre pagar por un a\u00f1o por los financiamientos que tienen con el casi desaparecido Banco Gubernamental de Fomento (BGF). De esta manera entiende no se afectan las finanzas municipales y pueden ayudar al gobierno central. Observ\u00f3 que en el BGF est\u00e1n &#8216;secuestrados&#8217; unos 20 millones de d\u00f3lares del Municipio de San Juan y casi 70 millones de d\u00f3lares del Municipio de Carolina.<\/p>","protected":false},"excerpt":{"rendered":"<p>La alcaldesa de San Juan, Carmen Yul\u00edn Cruz Soto, conden\u00f3 el domingo la aprobaci\u00f3n en la C\u00e1mara de Representantes de la Ley de Transformaci\u00f3n y Flexibilidad Laboral (Proyecto de la C\u00e1mara 453) y adelant\u00f3 que buscar\u00e1 llegar a consenso con otros alcaldes para hacerle frente a las enmiendas a la Autoridad de Asesor\u00eda Financiera y [&hellip;]<\/p>","protected":false},"author":0,"featured_media":0,"comment_status":"closed","ping_status":"closed","sticky":false,"template":"","format":"standard","meta":{"_acf_changed":false,"_monsterinsights_skip_tracking":false,"ep_exclude_from_search":false,"footnotes":""},"categories":[7,2],"tags":[],"class_list":["post-81634","post","type-post","status-publish","format-standard","hentry","category-politica","category-ultima-hora"],"acf":[],"aioseo_notices":[],"_links":{"self":[{"href":"https:\/\/noticel.com\/en\/wp-json\/wp\/v2\/posts\/81634","targetHints":{"allow":["GET"]}}],"collection":[{"href":"https:\/\/noticel.com\/en\/wp-json\/wp\/v2\/posts"}],"about":[{"href":"https:\/\/noticel.com\/en\/wp-json\/wp\/v2\/types\/post"}],"replies":[{"embeddable":true,"href":"https:\/\/noticel.com\/en\/wp-json\/wp\/v2\/comments?post=81634"}],"version-history":[{"count":1,"href":"https:\/\/noticel.com\/en\/wp-json\/wp\/v2\/posts\/81634\/revisions"}],"predecessor-version":[{"id":426080,"href":"https:\/\/noticel.com\/en\/wp-json\/wp\/v2\/posts\/81634\/revisions\/426080"}],"wp:attachment":[{"href":"https:\/\/noticel.com\/en\/wp-json\/wp\/v2\/media?parent=81634"}],"wp:term":[{"taxonomy":"category","embeddable":true,"href":"https:\/\/noticel.com\/en\/wp-json\/wp\/v2\/categories?post=81634"},{"taxonomy":"post_tag","embeddable":true,"href":"https:\/\/noticel.com\/en\/wp-json\/wp\/v2\/tags?post=81634"}],"curies":[{"name":"wp","href":"https:\/\/api.w.org\/{rel}","templated":true}]}}