{"id":81477,"date":"2012-02-02T00:00:00","date_gmt":"2012-02-02T04:00:00","guid":{"rendered":"http:\/\/www.noticel.com\/economia\/20120202\/margaritaville-carls-y-red-lobster-abriran-en-pr\/"},"modified":"2025-07-16T09:07:07","modified_gmt":"2025-07-16T09:07:07","slug":"margaritaville-carls-y-red-lobster-abriran-en-pr","status":"publish","type":"post","link":"https:\/\/noticel.com\/en\/economia\/20120202\/margaritaville-carls-y-red-lobster-abriran-en-pr\/","title":{"rendered":"Margaritaville, Carl&#8217;s y Red Lobster abrir\u00e1n en PR"},"content":{"rendered":"<p>La compa\u00f1\u00eda International Meal Company (IMC) expandir\u00e1 sus operaciones en Puerto Rico con la apertura del restaurante Margaritaville en el Aeropuerto Luis Mu\u00f1oz Mar\u00edn (LMM) y en los pr\u00f3ximos 36 meses a\u00f1adir\u00e1 a su n\u00f3mina 1,200 nuevas plazas en al menos una docena de locales.<\/p>\n<p>Las otras dos franquicias que IMC traer\u00e1 a la Isla son el local de hamburguesas Carl&#8217;s, que abrir\u00e1 su primer puesto en el Aeroparque (concesi\u00f3n que lleva cerrada dos anyos), y el restaurante Red Lobster, revel\u00f3 <a href=\"http:\/\/newsismybusiness.com\/red-lobster-carls-jr-margaritaville-opening-in-p-r-this-year\/\" target=\"_blank\">Newsismybusiness.com<\/a>.<\/p>\n<p>El nuevo Margaritaville del LMM cuenta con una inversi\u00f3n de $3.5 millones, generar\u00e1 60 empleos y permite la retenci\u00f3n de 50 que laboraban en las antiguas concesiones &#8216;Playa del Sol&#8217; y &#8216;Casa Caribe&#8217;, seg\u00fan indicaron hoy en una conferencia de prensa conjunta Javier Gavil\u00e1n, principal oficial ejecutivo de IMC, y el gobernador Luis Fortu\u00f1o. IMC es la empresa que asumi\u00f3 las concesiones del LMM que oper\u00f3 durante d\u00e9cadas Empresas Santana.<\/p>\n<p>El Mandatario explic\u00f3 que el secretario de Desarrollo Econ\u00f3mico y Comercio, Jos\u00e9 P\u00e9rez-Riera, concedi\u00f3 a la empresa la renovaci\u00f3n de los incentivos solicitados para la creaci\u00f3n de nuevos empleos y su expansi\u00f3n tanto en la Isla como en toda la regi\u00f3n.<\/p><div class=\"notic-content-middle\" id=\"notic-2563636882\"><div class=\"notic-adlabel\">Advertisements<\/div><a data-no-instant=\"1\" href=\"https:\/\/www.asegurate-bien.com\/\" rel=\"noopener\" class=\"a2t-link\" target=\"_blank\" aria-label=\"Acodese-Adaptaciones-Noticel-300&#215;250\"><img loading=\"lazy\" decoding=\"async\" src=\"https:\/\/cdn.noticel.com\/2026\/05\/30094423\/Acodese-Adaptaciones-Noticel-300x250-1.jpg\" alt=\"\"  srcset=\"https:\/\/cdn.noticel.com\/2026\/05\/30094423\/Acodese-Adaptaciones-Noticel-300x250-1.jpg 300w, https:\/\/cdn.noticel.com\/2026\/05\/30094423\/Acodese-Adaptaciones-Noticel-300x250-1-14x12.jpg 14w\" sizes=\"(max-width: 300px) 100vw, 300px\" width=\"300\" height=\"250\"   \/><\/a><\/div>\n<p>IMC es una de las empresas del Grupo de Inversiones Advent International, la segunda corporaci\u00f3n m\u00e1s grande de alimentos y bebidas de Am\u00e9rica. Se estableci\u00f3 en abril de 2008 en Puerto Rico al adquirir las Empresas Santana. Igualmente, cuenta con 1,870 empleos en la Isla y en los pr\u00f3ximos 36 meses a\u00f1adir\u00e1 a su n\u00f3mina 1,200 nuevas plazas.<\/p>\n<p>Estos 1,200 empleos conllevan la construcci\u00f3n y apertura de 12 a 15 restaurantes en los pr\u00f3ximos 36 meses, con una inversi\u00f3n total de $22, 000,000. Los 1,200 nuevos empleos se concentrar\u00e1n en las nuevas operaciones de IMC Caribe\/Centroam\u00e9rica en centros comerciales y en el Aeropuerto Internacional Luis Mu\u00f1oz Mar\u00edn.<\/p>\n<p>Actualmente, la empresa opera con 26 concesiones de alimentos y bebidas en el Aeropuerto Internacional, 2 cafeter\u00edas de la Universidad de Puerto Rico (UPR), la cafeter\u00eda del Hospital del Maestro y las dietas de los pacientes; desde sus cocinas industriales en la Base Mu\u00f1iz, donde tambi\u00e9n suple los servicios de alimentos y bebidas para las aerol\u00edneas. Produce, adem\u00e1s, una serie de productos para las tiendas de Walmart, Sam&#8217;s, Supermercados Amigo, gasolineras, hospeder\u00edas y casinos en toda la Isla.<\/p>","protected":false},"excerpt":{"rendered":"<p>La compa\u00f1\u00eda International Meal Company (IMC) expandir\u00e1 sus operaciones en Puerto Rico con la apertura del restaurante Margaritaville en el Aeropuerto Luis Mu\u00f1oz Mar\u00edn (LMM) y en los pr\u00f3ximos 36 meses a\u00f1adir\u00e1 a su n\u00f3mina 1,200 nuevas plazas en al menos una docena de locales. Las otras dos franquicias que IMC traer\u00e1 a la Isla [&hellip;]<\/p>","protected":false},"author":0,"featured_media":427135,"comment_status":"closed","ping_status":"closed","sticky":false,"template":"","format":"standard","meta":{"_acf_changed":false,"_monsterinsights_skip_tracking":false,"ep_exclude_from_search":false,"footnotes":""},"categories":[22],"tags":[],"class_list":["post-81477","post","type-post","status-publish","format-standard","has-post-thumbnail","hentry","category-economia"],"acf":[],"aioseo_notices":[],"_links":{"self":[{"href":"https:\/\/noticel.com\/en\/wp-json\/wp\/v2\/posts\/81477","targetHints":{"allow":["GET"]}}],"collection":[{"href":"https:\/\/noticel.com\/en\/wp-json\/wp\/v2\/posts"}],"about":[{"href":"https:\/\/noticel.com\/en\/wp-json\/wp\/v2\/types\/post"}],"replies":[{"embeddable":true,"href":"https:\/\/noticel.com\/en\/wp-json\/wp\/v2\/comments?post=81477"}],"version-history":[{"count":1,"href":"https:\/\/noticel.com\/en\/wp-json\/wp\/v2\/posts\/81477\/revisions"}],"predecessor-version":[{"id":427136,"href":"https:\/\/noticel.com\/en\/wp-json\/wp\/v2\/posts\/81477\/revisions\/427136"}],"wp:featuredmedia":[{"embeddable":true,"href":"https:\/\/noticel.com\/en\/wp-json\/wp\/v2\/media\/427135"}],"wp:attachment":[{"href":"https:\/\/noticel.com\/en\/wp-json\/wp\/v2\/media?parent=81477"}],"wp:term":[{"taxonomy":"category","embeddable":true,"href":"https:\/\/noticel.com\/en\/wp-json\/wp\/v2\/categories?post=81477"},{"taxonomy":"post_tag","embeddable":true,"href":"https:\/\/noticel.com\/en\/wp-json\/wp\/v2\/tags?post=81477"}],"curies":[{"name":"wp","href":"https:\/\/api.w.org\/{rel}","templated":true}]}}